{"id":6312,"date":"2020-11-09T04:33:41","date_gmt":"2020-11-09T04:33:41","guid":{"rendered":"https:\/\/wecreatedesign.co\/dev\/WP\/amec\/?p=4188"},"modified":"2020-11-09T04:33:41","modified_gmt":"2020-11-09T04:33:41","slug":"el-nuevo-diario-amecnews-llega-a-nuestra-comunidad","status":"publish","type":"post","link":"https:\/\/elementor2.ameclexdir.com\/index.php\/2020\/11\/09\/el-nuevo-diario-amecnews-llega-a-nuestra-comunidad\/","title":{"rendered":"El nuevo diario amecnews llega a nuestra comunidad"},"content":{"rendered":"<ul>\n<li><strong><em>amec<\/em>\u00a0edita el nuevo diario con periodicidad trimestral y el objetivo de difundir la actividad de nuestra comunidad y contribuir a una reflexi\u00f3n sobre aspectos relevantes para la industria<\/strong><\/li>\n<\/ul>\n<p><a title=\"revista-amec-news-n1.pdf\" href=\"https:\/\/www.amec.es\/files\/doc240\/revista-amec-news-n1-final.pdf\" target=\"_blank\" rel=\"noopener\"><img fetchpriority=\"high\" decoding=\"async\" src=\"http:\/\/wecreatedesign.co\/dev\/WP\/amec\/wp-content\/uploads\/2023\/02\/amecnews-1-redim-prop66-enc-w400-h480.jpg\" alt=\"amecnews-1.JPG\" width=\"600\" height=\"843\" \/><\/a>Esta semana ha salido a la luz el\u00a0<strong>primer n\u00famero de nuestro<\/strong>\u00a0<a title=\"revista-amec-news-n1-final.pdf\" href=\"https:\/\/www.amec.es\/files\/doc240\/revista-amec-news-n1-final.pdf\" target=\"_blank\" rel=\"noopener\"><strong>Diario\u00a0<em>amec<\/em>News<\/strong><\/a>, un nuevo instrumento de comunicaci\u00f3n con nuestra comunidad y ecosistema. Con periodicidad trimestral, nace con el objetivo de\u00a0<strong>difundir la actividad de nuestras empresas y de\u00a0<em>amec<\/em>\u00a0a trav\u00e9s de los cinco pilares de nuestra propuesta de valor (comunidad, mercado internacional, competitividad, prospectiva y lobby)<\/strong>.<\/p>\n<div>Cada n\u00famero tratar\u00e1 en un tema central aspectos relevantes, recogiendo opiniones diversas\u00a0para contribuir a la reflexi\u00f3n tranquila e independiente.\u00a0En este primer n\u00famero tratamos la\u00a0<strong>imagen de pa\u00eds industrial<\/strong>, elemento fundamental para la competitividad de la\u00a0industria.\u00a0La pandemia ha impactado de nuevo sobre el punto d\u00e9bil: nuestra imagen de pa\u00eds industrial. El efecto pa\u00eds origen cuando se comercia en el exterior est\u00e1 muy estudiado en marketing e incide en la competitividad de las empresas. \u201cA cualquier empresa le interesa que la imagen pa\u00eds aporte valor a su imagen exterior\u201d, explica el director del Foro de Marcas Renombradas, Pablo L\u00f3pez Gil.<\/p>\n<p>Con 2.500 ejemplares impresos,\u00a0<em><strong>amecnews<\/strong><\/em>\u00a0llega en formato papel a nuestras empresas industriales, a las administraciones, organismos y a todo el ecosistema del entorno industrial y empresarial.<\/p>\n<p>Tal y como ha explicado el presidente de\u00a0<em><strong>amec<\/strong><\/em>, Pere Relats, en una carta que ha remitido a nuestra comunidad, invitando a la reflexi\u00f3n y, a la vez, a la acci\u00f3n,\u00a0<strong>&#8220;trabajamos para poner a la\u00a0<em>industria positiva<\/em><\/strong><strong>\u00a0en el centro de los debates p\u00fablicos, para que nuestros miembros puedan liderar el nuevo paradigma con las m\u00e1ximas herramientas posibles&#8221;<\/strong>.<\/p>\n","protected":false},"excerpt":{"rendered":"<p>amec\u00a0edita el nuevo diario con periodicidad trimestral y el objetivo de difundir la actividad de nuestra comunidad y contribuir a una reflexi\u00f3n sobre aspectos relevantes para la industria Esta semana ha salido a la luz el\u00a0primer n\u00famero de nuestro\u00a0Diario\u00a0amecNews, un nuevo instrumento de comunicaci\u00f3n con nuestra comunidad y ecosistema. Con periodicidad trimestral, nace con el [&hellip;]<\/p>\n","protected":false},"author":1,"featured_media":4189,"comment_status":"open","ping_status":"open","sticky":false,"template":"","format":"standard","meta":{"inline_featured_image":false,"footnotes":""},"categories":[24],"tags":[],"class_list":["post-6312","post","type-post","status-publish","format-standard","has-post-thumbnail","hentry","category-diari-amecnews"],"acf":[],"_links":{"self":[{"href":"https:\/\/elementor2.ameclexdir.com\/index.php\/wp-json\/wp\/v2\/posts\/6312","targetHints":{"allow":["GET"]}}],"collection":[{"href":"https:\/\/elementor2.ameclexdir.com\/index.php\/wp-json\/wp\/v2\/posts"}],"about":[{"href":"https:\/\/elementor2.ameclexdir.com\/index.php\/wp-json\/wp\/v2\/types\/post"}],"author":[{"embeddable":true,"href":"https:\/\/elementor2.ameclexdir.com\/index.php\/wp-json\/wp\/v2\/users\/1"}],"replies":[{"embeddable":true,"href":"https:\/\/elementor2.ameclexdir.com\/index.php\/wp-json\/wp\/v2\/comments?post=6312"}],"version-history":[{"count":0,"href":"https:\/\/elementor2.ameclexdir.com\/index.php\/wp-json\/wp\/v2\/posts\/6312\/revisions"}],"wp:featuredmedia":[{"embeddable":true,"href":"https:\/\/elementor2.ameclexdir.com\/index.php\/wp-json\/wp\/v2\/media\/4189"}],"wp:attachment":[{"href":"https:\/\/elementor2.ameclexdir.com\/index.php\/wp-json\/wp\/v2\/media?parent=6312"}],"wp:term":[{"taxonomy":"category","embeddable":true,"href":"https:\/\/elementor2.ameclexdir.com\/index.php\/wp-json\/wp\/v2\/categories?post=6312"},{"taxonomy":"post_tag","embeddable":true,"href":"https:\/\/elementor2.ameclexdir.com\/index.php\/wp-json\/wp\/v2\/tags?post=6312"}],"curies":[{"name":"wp","href":"https:\/\/api.w.org\/{rel}","templated":true}]}}