{"id":6381,"date":"2021-02-17T09:48:54","date_gmt":"2021-02-17T09:48:54","guid":{"rendered":"https:\/\/wecreatedesign.co\/dev\/WP\/amec\/?p=4582"},"modified":"2021-02-17T09:48:54","modified_gmt":"2021-02-17T09:48:54","slug":"lecosistema-industrial-rep-el-segon-numero-del-diari-amecnews","status":"publish","type":"post","link":"https:\/\/elementor2.ameclexdir.com\/index.php\/2021\/02\/17\/lecosistema-industrial-rep-el-segon-numero-del-diari-amecnews\/","title":{"rendered":"L&#8217;ecosistema industrial rep el segon n\u00famero del diari amecnews"},"content":{"rendered":"<div class=\"portletDetailNoticies\">\n<div class=\"amplada-pagina descripcion\">\n<p><a title=\"amecNews-02\" href=\"https:\/\/www.amec.es\/files\/doc275\/n2-revista-amec-news-des-20-lowres.pdf\" target=\"_blank\" rel=\"noopener\"><img fetchpriority=\"high\" decoding=\"async\" src=\"http:\/\/wecreatedesign.co\/dev\/WP\/amec\/wp-content\/uploads\/2023\/03\/amecnews-dic-20-redim-w600-h834-216x300.jpg\" alt=\"amecnews-des-20.jpg\" width=\"600\" height=\"834\" \/><\/a>Aquest mes est\u00e0 arribant a tota la nostra comunitat i ecosistema el segon n\u00famero\u00a0<a title=\"amecNews-02\" href=\"https:\/\/www.amec.es\/files\/doc275\/n2-revista-amec-news-des-20-lowres.pdf\" target=\"_blank\" rel=\"noopener\"><strong>Diari\u00a0<em>amec<\/em>\u00a0News<\/strong><\/a>\u00a0amb tota la informaci\u00f3 d&#8217;actualitat sobre\u00a0<em><strong>amec<\/strong><\/em>\u00a0i les empreses industrials internacionalitzades.<\/p>\n<p>&nbsp;<\/p>\n<p>El segon n\u00famero del\u00a0<a title=\"amecNews-02\" href=\"https:\/\/www.amec.es\/files\/doc275\/n2-revista-amec-news-des-20-lowres.pdf\" target=\"_blank\" rel=\"noopener\"><strong>Diari\u00a0<em>amec<\/em>\u00a0News<\/strong><\/a>\u00a0informa sobre el\u00a0<strong>moviment Positive Industry<\/strong>\u00a0que impulsa\u00a0<em><strong>amec,<\/strong><\/em>\u00a0i que reivindica el poder transformador social i econ\u00f2mic de la ind\u00fastria. El moviment es va presentar en el marc del\u00a0<strong>F\u00f2rum\u00a0<em>amec,<\/em><\/strong>\u00a0celebrat al novembre, sobre\u00a0<strong>Prop\u00f2sit i Empresa.<\/strong>\u00a0El\u00a0<a title=\"amecNews-02\" href=\"https:\/\/www.amec.es\/files\/doc275\/n2-revista-amec-news-des-20-lowres.pdf\" target=\"_blank\" rel=\"noopener\"><strong>Diari\u00a0<em>amec<\/em>\u00a0News<\/strong><\/a>\u00a0recull tamb\u00e9 les idees i reflexions clau que van centrar aquesta intensa jornada de prospectiva industrial.\u00a0<strong>L&#8217;Informe de Prospectiva 2021,<\/strong>\u00a0el comportament de les empreses en els mercats internacionals en un any marcat per la pand\u00e8mia i les dificultats de mobilitat, i les accions de\u00a0<em><strong>amec<\/strong><\/em>\u00a0davant del Govern per facilitar l&#8217;operativa de les empreses s\u00f3n altres continguts de la nova edici\u00f3 .<\/p>\n<p>&nbsp;<\/p>\n<p>La publicaci\u00f3 recull aix\u00ed mateix com la nostra entitat ha posat a disposici\u00f3 de la nostra comunitat una\u00a0<strong>plataforma exclusiva per promoure la col\u00b7laboraci\u00f3 entre els nostres membres,<\/strong>\u00a0i com el programa d&#8217;alt rendiment\u00a0<strong>Adaptive Industry<\/strong>\u00a0est\u00e0 ajudant a moltes empreses a mirar m\u00e9s enll\u00e0 per ser competitives en el present i el futur.<\/p>\n<p>&nbsp;<\/p>\n<p>El Diari amecNews \u00e9s un nou instrument de comunicaci\u00f3 amb la nostra comunitat i ecosistema. Amb periodicitat trimestral, neix amb l&#8217;objectiu de difondre l&#8217;activitat de les nostres empreses i\u00a0<em><strong>d&#8217;amec<\/strong><\/em>\u00a0a trav\u00e9s dels cinc pilars de la nostra proposta de valor: comunitat, mercat internacional, competitivitat, prospectiva i lobby.<\/p>\n<p>&nbsp;<\/p>\n<p>La publicaci\u00f3 la reben en format paper les empreses industrials membres de\u00a0<em><strong>amec,<\/strong><\/em>\u00a0les administracions, mitjans de comunicaci\u00f3, organismes, institucions i tot l&#8217;ecosistema relacionat amb la competitivitat industrial i l&#8217;exportaci\u00f3.<\/p>\n<\/div>\n<\/div>\n<div class=\"registre-accions amplada-pagina\">\n<div class=\"addthis_inline_share_toolbox\" style=\"margin: 0px; padding: 0px; border: 0px; outline: 0px; font-weight: inherit; font-style: inherit; clear: both;\" data-url=\"https:\/\/www.amec.es\/ca\/pl14\/amecnews\/noticies\/id630\/el-segundo-numero-de-amecnews.htm?fcat_14=558\" data-title=\"L'ecosistema industrial rep el segon n\u00famero del diari &lt;em&gt;amecnews&lt;\/em&gt;\" data-description=\"Aquest mes est\u00e0 arribant a tota la nostra comunitat i ecosistema el segon n\u00famero Diari amec News amb tota la informaci\u00f3 d'actualitat sobre amec i les empreses industrials internacionalitzades.\n\nEl segon n\u00famero del\u00a0Diari amec News informa sobre el moviment Positive Industry que impulsa amec, i que reivindica el poder transformador social i econ\u00f2mic de la ind\u00fastria. El moviment es va presentar en el marc del\u00a0F\u00f2rum amec, celebrat al novembre, sobre Prop\u00f2sit i Empresa. El Diari amec News...\"><\/p>\n<div id=\"atstbx\" class=\"at-resp-share-element at-style-responsive addthis-smartlayers addthis-animated at4-show\" role=\"region\" aria-labelledby=\"at-9c01fec0-8c86-4499-8141-7095ad94fe65\"><span id=\"at-9c01fec0-8c86-4499-8141-7095ad94fe65\" class=\"at4-visually-hidden\"><\/span><\/p>\n<div class=\"at-share-btn-elements\"><\/div>\n<\/div>\n<\/div>\n<\/div>\n","protected":false},"excerpt":{"rendered":"<p>Aquest mes est\u00e0 arribant a tota la nostra comunitat i ecosistema el segon n\u00famero\u00a0Diari\u00a0amec\u00a0News\u00a0amb tota la informaci\u00f3 d&#8217;actualitat sobre\u00a0amec\u00a0i les empreses industrials internacionalitzades. &nbsp; El segon n\u00famero del\u00a0Diari\u00a0amec\u00a0News\u00a0informa sobre el\u00a0moviment Positive Industry\u00a0que impulsa\u00a0amec,\u00a0i que reivindica el poder transformador social i econ\u00f2mic de la ind\u00fastria. El moviment es va presentar en el marc del\u00a0F\u00f2rum\u00a0amec,\u00a0celebrat al novembre, [&hellip;]<\/p>\n","protected":false},"author":1,"featured_media":4584,"comment_status":"open","ping_status":"open","sticky":false,"template":"","format":"standard","meta":{"inline_featured_image":false,"footnotes":""},"categories":[27],"tags":[],"class_list":["post-6381","post","type-post","status-publish","format-standard","has-post-thumbnail","hentry","category-actualitat"],"acf":[],"_links":{"self":[{"href":"https:\/\/elementor2.ameclexdir.com\/index.php\/wp-json\/wp\/v2\/posts\/6381","targetHints":{"allow":["GET"]}}],"collection":[{"href":"https:\/\/elementor2.ameclexdir.com\/index.php\/wp-json\/wp\/v2\/posts"}],"about":[{"href":"https:\/\/elementor2.ameclexdir.com\/index.php\/wp-json\/wp\/v2\/types\/post"}],"author":[{"embeddable":true,"href":"https:\/\/elementor2.ameclexdir.com\/index.php\/wp-json\/wp\/v2\/users\/1"}],"replies":[{"embeddable":true,"href":"https:\/\/elementor2.ameclexdir.com\/index.php\/wp-json\/wp\/v2\/comments?post=6381"}],"version-history":[{"count":0,"href":"https:\/\/elementor2.ameclexdir.com\/index.php\/wp-json\/wp\/v2\/posts\/6381\/revisions"}],"wp:featuredmedia":[{"embeddable":true,"href":"https:\/\/elementor2.ameclexdir.com\/index.php\/wp-json\/wp\/v2\/media\/4584"}],"wp:attachment":[{"href":"https:\/\/elementor2.ameclexdir.com\/index.php\/wp-json\/wp\/v2\/media?parent=6381"}],"wp:term":[{"taxonomy":"category","embeddable":true,"href":"https:\/\/elementor2.ameclexdir.com\/index.php\/wp-json\/wp\/v2\/categories?post=6381"},{"taxonomy":"post_tag","embeddable":true,"href":"https:\/\/elementor2.ameclexdir.com\/index.php\/wp-json\/wp\/v2\/tags?post=6381"}],"curies":[{"name":"wp","href":"https:\/\/api.w.org\/{rel}","templated":true}]}}