{"id":6446,"date":"2021-05-20T07:03:04","date_gmt":"2021-05-20T07:03:04","guid":{"rendered":"https:\/\/wecreatedesign.co\/dev\/WP\/amec\/?p=4374"},"modified":"2021-05-20T07:03:04","modified_gmt":"2021-05-20T07:03:04","slug":"la-comissio-tecnica-dinternacionalitzacio-ratifica-salvador-sola-com-a-president-i-debat-sobre-la-situacio-de-la-promocio-internacional","status":"publish","type":"post","link":"https:\/\/elementor2.ameclexdir.com\/index.php\/2021\/05\/20\/la-comissio-tecnica-dinternacionalitzacio-ratifica-salvador-sola-com-a-president-i-debat-sobre-la-situacio-de-la-promocio-internacional\/","title":{"rendered":"La Comissi\u00f3 T\u00e8cnica d&#8217;Internacionalitzaci\u00f3 ratifica Salvador Sol\u00e0 com a president i debat sobre la situaci\u00f3 de la promoci\u00f3 internacional"},"content":{"rendered":"<p>La Comissi\u00f3 T\u00e8cnica d&#8217;Internacionalitzaci\u00f3\u00a0<em><strong>d&#8217;amec<\/strong><\/em>\u00a0s&#8217;ha reunit i ha ratificat a Salvador Sol\u00e0, director general de Gir\u00f3 i fins ara ja en el c\u00e0rrec, com a president per 4 anys m\u00e9s.<\/p>\n<p>La Comissi\u00f3 ha tractat la situaci\u00f3 de les empreses, com estan duent a terme la promoci\u00f3 internacional i quin ser\u00e0 el futur de les fires. Aix\u00ed, les empreses estan en plena marxa i tenen bones perspectives pel que fa a comandes, havent-hi algunes fins i tot superades ja les previsions de l&#8217;any. Per regions, s&#8217;aprecia una reactivaci\u00f3 especialment a Europa i Am\u00e8rica de Nord. \u00c0sia est\u00e0 sent m\u00e9s complicant, mentre que la compet\u00e8ncia xinesa cada vegada \u00e9s m\u00e9s fort.<\/p>\n<p>En alguns sectors hi ha una demanda extraordin\u00e0ria precisament a causa de la pand\u00e8mia, com poden ser les empreses beneficiades pel &#8220;cocooning&#8221;, pel qual les fam\u00edlies desvien despeses normalment destinades a turisme per reformar les seves cases. Altres sectors com el de la mobilitat el\u00e8ctrica tamb\u00e9 estan tirant fortament de la demanda.<\/p>\n<p>No obstant aix\u00f2, hi ha una preocupaci\u00f3 per la inflaci\u00f3 en els costos de les mat\u00e8ries primeres, especialment els pl\u00e0stics, la fusta, fibres de vidre, i en menor mesura l&#8217;acer, alumini i acer inoxidable. Hi ha algunes causes conjunturals, per\u00f2 tamb\u00e9 es percep que al mercat hi ha una gran especulaci\u00f3. Aquest tema, afegit a l&#8217;increment dels costos del transport per l&#8217;escassetat de contenidors, est\u00e0 provocant una reducci\u00f3 de marges i un necessari increment de preus. Tant \u00e9s aix\u00ed que algunes empreses estan tenint fins i tot problemes per servir les comandes davant la falta d&#8217;algunes mat\u00e8ries primeres o b\u00e9ns intermedis com a components electr\u00f2nics. Aix\u00ed mateix, es mant\u00e9 la preocupaci\u00f3 per les dificultats en la mobilitat internacional.<\/p>\n<p>Durant la trobada de la comissi\u00f3, Susana Gonz\u00e1lez, responsable de l&#8217;Observatori\u00a0<strong><em>amec,<\/em><\/strong>\u00a0ha presentat les conclusions de l&#8217;Informe sobre\u00a0<a href=\"https:\/\/www.amec.es\/es\/pl14\/amecnews\/actualidad\/id722\/las-tendencias-que-marcaran-las-ferias-en-los-proximos-anos.htm?fcat_14=384\" data-href=\"https:\/\/www.amec.es\/es\/pl14\/amecnews\/actualidad\/id722\/las-tendencias-que-marcaran-las-ferias-en-los-proximos-anos.htm?fcat_14=384\">les tend\u00e8ncies que marcaran les fires<\/a><strong>,<\/strong>\u00a0que s&#8217;ha enviat als membres en l&#8217;\u00faltima comunicaci\u00f3 de l&#8217;Observatori\u00a0<strong><em>amec.<\/em><\/strong>\u00a0Els membres de la comissi\u00f3 han constatat que la presencialitat de les fires \u00e9s fonamental, si b\u00e9 hi ha accions promocionals alternatives que ja s&#8217;estan duent a terme i que es mantindran. En aquest sentit, han convingut que les fires del futur seran m\u00e9s professionals, m\u00e9s regionals, i potser no tan massives, ja que hi haur\u00e0 una major exig\u00e8ncia en la qualitat dels contactes. Aix\u00ed mateix, les empreses incorporaran elements digitals a les fires presencials, com pot ser la realitat virtual.<\/p>\n","protected":false},"excerpt":{"rendered":"<p>La Comissi\u00f3 T\u00e8cnica d&#8217;Internacionalitzaci\u00f3\u00a0d&#8217;amec\u00a0s&#8217;ha reunit i ha ratificat a Salvador Sol\u00e0, director general de Gir\u00f3 i fins ara ja en el c\u00e0rrec, com a president per 4 anys m\u00e9s. La Comissi\u00f3 ha tractat la situaci\u00f3 de les empreses, com estan duent a terme la promoci\u00f3 internacional i quin ser\u00e0 el futur de les fires. Aix\u00ed, [&hellip;]<\/p>\n","protected":false},"author":1,"featured_media":4375,"comment_status":"open","ping_status":"open","sticky":false,"template":"","format":"standard","meta":{"inline_featured_image":false,"footnotes":""},"categories":[30],"tags":[],"class_list":["post-6446","post","type-post","status-publish","format-standard","has-post-thumbnail","hentry","category-croniques"],"acf":[],"_links":{"self":[{"href":"https:\/\/elementor2.ameclexdir.com\/index.php\/wp-json\/wp\/v2\/posts\/6446","targetHints":{"allow":["GET"]}}],"collection":[{"href":"https:\/\/elementor2.ameclexdir.com\/index.php\/wp-json\/wp\/v2\/posts"}],"about":[{"href":"https:\/\/elementor2.ameclexdir.com\/index.php\/wp-json\/wp\/v2\/types\/post"}],"author":[{"embeddable":true,"href":"https:\/\/elementor2.ameclexdir.com\/index.php\/wp-json\/wp\/v2\/users\/1"}],"replies":[{"embeddable":true,"href":"https:\/\/elementor2.ameclexdir.com\/index.php\/wp-json\/wp\/v2\/comments?post=6446"}],"version-history":[{"count":0,"href":"https:\/\/elementor2.ameclexdir.com\/index.php\/wp-json\/wp\/v2\/posts\/6446\/revisions"}],"wp:featuredmedia":[{"embeddable":true,"href":"https:\/\/elementor2.ameclexdir.com\/index.php\/wp-json\/"}],"wp:attachment":[{"href":"https:\/\/elementor2.ameclexdir.com\/index.php\/wp-json\/wp\/v2\/media?parent=6446"}],"wp:term":[{"taxonomy":"category","embeddable":true,"href":"https:\/\/elementor2.ameclexdir.com\/index.php\/wp-json\/wp\/v2\/categories?post=6446"},{"taxonomy":"post_tag","embeddable":true,"href":"https:\/\/elementor2.ameclexdir.com\/index.php\/wp-json\/wp\/v2\/tags?post=6446"}],"curies":[{"name":"wp","href":"https:\/\/api.w.org\/{rel}","templated":true}]}}