{"id":6495,"date":"2021-08-04T11:11:59","date_gmt":"2021-08-04T11:11:59","guid":{"rendered":"https:\/\/wecreatedesign.co\/dev\/WP\/amec\/?p=4891"},"modified":"2021-08-04T11:11:59","modified_gmt":"2021-08-04T11:11:59","slug":"la-promocio-internacional-en-lera-postpandemia-combinar-presencialitat-i-virtualitat","status":"publish","type":"post","link":"https:\/\/elementor2.ameclexdir.com\/index.php\/2021\/08\/04\/la-promocio-internacional-en-lera-postpandemia-combinar-presencialitat-i-virtualitat\/","title":{"rendered":"La promoci\u00f3 internacional en l&#8217;era postpandemia: combinar presencialitat i virtualitat"},"content":{"rendered":"<div class=\"portletDetailNoticies\">\n<div class=\"amplada-pagina descripcion\">\n<p><img fetchpriority=\"high\" decoding=\"async\" src=\"http:\/\/wecreatedesign.co\/dev\/WP\/amec\/wp-content\/uploads\/2023\/03\/internacionalizacion-amec-redim-w647-h652.png\" alt=\"internacionalitzaci\u00f3-amec.png\" width=\"647\" height=\"652\" \/>L&#8217;impacte de la pand\u00e8mia en la mobilitat ha estat el detonant d&#8217;una accelerada incorporaci\u00f3 de noves eines digitals a les empreses.\u00a0<strong>A poc a poc, les estrat\u00e8gies de m\u00e0rqueting de promoci\u00f3 internacional van combinant les accions presencials amb les virtuals.<\/strong><\/p>\n<p>&nbsp;<\/p>\n<p>En aquest nou context, cal destacar l&#8217;ajuda que brinden les noves\u00a0<strong><a href=\"https:\/\/www.amec.es\/es\/mercado-internacional\/plataformas-de-promocion-internacional.htm\" target=\"_blank\" rel=\"noopener\">plataformes de promoci\u00f3 internacional<\/a><\/strong>\u00a0que, per sectors, permeten a les empreses tenir visibilitat en tots els mercats d&#8217;inter\u00e8s les 24 hores del dia els 365 dies de l&#8217;any. Aquestes plataformes compten amb un bon posicionament gr\u00e0cies a les campanyes de m\u00e0rqueting digital que porta a terme\u00a0<em><strong>amec.<\/strong><\/em>\u00a0A trav\u00e9s d&#8217;elles, a m\u00e9s, els clients potencials presents en els principals esdeveniments les troben amb facilitat i poden accedir a tota la seva informaci\u00f3.<\/p>\n<p>&nbsp;<\/p>\n<p>Paral\u00b7lelament,\u00a0<em><strong>amec<\/strong><\/em>\u00a0treballa amb la comunitat industrial facilitant el seu acc\u00e9s als mercats m\u00e9s interessants mitjan\u00e7ant missions virtuals o organitzant trobades amb potencials clients. En les \u00faltimes setmanes s&#8217;han dut a terme missions comercials virtuals als Estats Units, Senegal i Costa d&#8217;Ivori, R\u00fassia, Singapur i Austr\u00e0lia, i al setembre i octubre tindran lloc a Pa\u00efsos N\u00f2rdics, Indon\u00e8sia, Fran\u00e7a, Regne Unit. Tamb\u00e9 se celebraran jornades t\u00e8cniques virtuals en mercats com Per\u00fa i EUA<\/p>\n<p>&nbsp;<\/p>\n<p>Tot i la proliferaci\u00f3 d&#8217;activitats en format virtual,\u00a0<strong>&#8220;les fires presencials segueixen sent essencials, tal com hem pogut comprovar despr\u00e9s d&#8217;estar un temps sense elles&#8221;,<\/strong>\u00a0indica el sotsdirector de\u00a0<em><strong>amec,<\/strong><\/em>\u00a0\u00d3scar Puig. Per aix\u00f2\u00a0<em><strong>amec<\/strong><\/em>\u00a0est\u00e0 realitzant una intensa tasca de suport a les empreses facilitant el seu acc\u00e9s a les ajudes de ICEX, situant-les en bons espais i promocionant a nivell internacional. Pack Expo Las Vegas (27-29 de setembre), ITS Hamburg 2021 (11 a el 15 d&#8217;octubre) i la Gulfood de Dubai (13-17 febrer 2022) s\u00f3n algunes de les properes cites principals en el calendari firal de la nostra comunitat. Les noves fires, aix\u00f2 s\u00ed, estan tamb\u00e9 incorporant noves eines digitals i ampliant els seus serveis a les empreses. Un bon exemple \u00e9s ITMA Connect, un nou projecte que des de fa temps treballa\u00a0<em><strong>amec<\/strong><\/em>\u00a0juntament amb les altres vuit associacions europees que integren CEMATEX, organitzador de la fira.<\/p>\n<\/div>\n<\/div>\n<div class=\"registre-accions amplada-pagina\">\n<div class=\"addthis_inline_share_toolbox\" data-url=\"https:\/\/www.amec.es\/ca\/pl14\/amecnews\/noticies\/id780\/la-promocion-internacional-en-la-era-postpandemia-combinar-presencialidad-y-virtualidad.htm?fcat_14=558\" data-title=\"La promoci\u00f3 internacional en l'era postpandemia: combinar presencialitat i virtualitat\" data-description=\"L'impacte de la pand\u00e8mia en la mobilitat ha estat el detonant d'una accelerada incorporaci\u00f3 de noves eines digitals a les empreses. A poc a poc, les estrat\u00e8gies de m\u00e0rqueting de promoci\u00f3 internacional van combinant les accions presencials amb les virtuals.\n\nEn aquest nou context, cal destacar l'ajuda que brinden les noves plataformes de promoci\u00f3 internacional que, per sectors, permeten a les empreses tenir visibilitat en tots els mercats d'inter\u00e8s les 24 hores del dia els 365 dies de l'any....\"><\/p>\n<div id=\"atstbx\" class=\"at-resp-share-element at-style-responsive addthis-smartlayers addthis-animated at4-show\" role=\"region\" aria-labelledby=\"at-816e921e-5f06-417c-8ff0-c7f9cd23bb86\"><\/div>\n<\/div>\n<\/div>\n","protected":false},"excerpt":{"rendered":"<p>L&#8217;impacte de la pand\u00e8mia en la mobilitat ha estat el detonant d&#8217;una accelerada incorporaci\u00f3 de noves eines digitals a les empreses.\u00a0A poc a poc, les estrat\u00e8gies de m\u00e0rqueting de promoci\u00f3 internacional van combinant les accions presencials amb les virtuals. &nbsp; En aquest nou context, cal destacar l&#8217;ajuda que brinden les noves\u00a0plataformes de promoci\u00f3 internacional\u00a0que, per [&hellip;]<\/p>\n","protected":false},"author":1,"featured_media":4894,"comment_status":"open","ping_status":"open","sticky":false,"template":"","format":"standard","meta":{"inline_featured_image":false,"footnotes":""},"categories":[27],"tags":[],"class_list":["post-6495","post","type-post","status-publish","format-standard","has-post-thumbnail","hentry","category-actualitat"],"acf":[],"_links":{"self":[{"href":"https:\/\/elementor2.ameclexdir.com\/index.php\/wp-json\/wp\/v2\/posts\/6495","targetHints":{"allow":["GET"]}}],"collection":[{"href":"https:\/\/elementor2.ameclexdir.com\/index.php\/wp-json\/wp\/v2\/posts"}],"about":[{"href":"https:\/\/elementor2.ameclexdir.com\/index.php\/wp-json\/wp\/v2\/types\/post"}],"author":[{"embeddable":true,"href":"https:\/\/elementor2.ameclexdir.com\/index.php\/wp-json\/wp\/v2\/users\/1"}],"replies":[{"embeddable":true,"href":"https:\/\/elementor2.ameclexdir.com\/index.php\/wp-json\/wp\/v2\/comments?post=6495"}],"version-history":[{"count":0,"href":"https:\/\/elementor2.ameclexdir.com\/index.php\/wp-json\/wp\/v2\/posts\/6495\/revisions"}],"wp:featuredmedia":[{"embeddable":true,"href":"https:\/\/elementor2.ameclexdir.com\/index.php\/wp-json\/"}],"wp:attachment":[{"href":"https:\/\/elementor2.ameclexdir.com\/index.php\/wp-json\/wp\/v2\/media?parent=6495"}],"wp:term":[{"taxonomy":"category","embeddable":true,"href":"https:\/\/elementor2.ameclexdir.com\/index.php\/wp-json\/wp\/v2\/categories?post=6495"},{"taxonomy":"post_tag","embeddable":true,"href":"https:\/\/elementor2.ameclexdir.com\/index.php\/wp-json\/wp\/v2\/tags?post=6495"}],"curies":[{"name":"wp","href":"https:\/\/api.w.org\/{rel}","templated":true}]}}