{"id":6496,"date":"2021-07-22T04:18:33","date_gmt":"2021-07-22T04:18:33","guid":{"rendered":"https:\/\/wecreatedesign.co\/dev\/WP\/amec\/?p=5101"},"modified":"2021-07-22T04:18:33","modified_gmt":"2021-07-22T04:18:33","slug":"el-president-de-cofides-presenta-a-la-comunitat-el-fons-de-recapitalitzacio-dempreses","status":"publish","type":"post","link":"https:\/\/elementor2.ameclexdir.com\/index.php\/2021\/07\/22\/el-president-de-cofides-presenta-a-la-comunitat-el-fons-de-recapitalitzacio-dempreses\/","title":{"rendered":"El president de Cofides presenta a la comunitat el Fons de Recapitalitzaci\u00f3 d&#8217;empreses"},"content":{"rendered":"<p>El president de Cofides, Jos\u00e9 Luis Curbelo, ha presentat al costat de el director general d&#8217;<em><strong>amec,<\/strong><\/em>\u00a0Joan Tristany, el Fons de Recapitalitzaci\u00f3 d&#8217;empreses afectades per la COVID-19 (FONREC) dotat amb 1.000 milions, aix\u00ed com les seves claus i requisits, en una sessi\u00f3 en l\u00ednia adre\u00e7ada a la comunitat de\u00a0<em><strong>amec.<\/strong><\/em><\/p>\n<p>COFIDES \u00e9s una societat mercantil estatal creada per donar suport a la internacionalitzaci\u00f3 de les empreses que facilita finan\u00e7ament a mitj\u00e0 i llarg termini a projectes privats viables d&#8217;inversi\u00f3 que contribueixin, amb criteris de rendibilitat, tant a el desenvolupament dels pa\u00efsos receptors de les inversions com a la internacionalitzaci\u00f3 de l&#8217;economia i de les empreses espanyoles. No obstant aix\u00f2, des del mes de mar\u00e7 ha ampliat les seves funcions, ja que s&#8217;encarrega de gestionar a m\u00e9s el Fons de Recapitalitzaci\u00f3 d&#8217;empreses afectades per la COVID-19. El Fons est\u00e0 contemplat en el Reial decret llei de mesures extraordin\u00e0ries de suport a la solv\u00e8ncia empresarial aprovat al mar\u00e7 pel qual es mobilitza ajudes directes a les empreses, mitjan\u00e7ant subvencions, reducci\u00f3 de costos i refor\u00e7 del seu capital.<\/p>\n<p>En aquest cas, el Fons de recapitalitzaci\u00f3 t\u00e9 com a finalitat enfortir i recuperar la solv\u00e8ncia d&#8217;empreses de mida de qualsevol sector amb un import net de la xifra de negocis d&#8217;entre 15 i 400 M \u20ac a nivell consolidat i que, sent viables a mig i llarg termini, s&#8217;estan veient afectades pels efectes de la pand\u00e8mia en els seus balan\u00e7os i en els seus mercats. Les operacions finan\u00e7ades amb c\u00e0rrec a Fons tindran un import d&#8217;entre 4 i 25 M \u20ac per beneficiari. Dit interval ser\u00e0 d&#8217;entre 3 i 15 M \u20ac en el cas de les pimes.<\/p>\n<p>Amb c\u00e0rrec a Fons es prestar\u00e0 suport p\u00fablic temporal sota criteris de rendibilitat, risc i impacte en desenvolupament sostenible i es far\u00e0 mitjan\u00e7ant instruments de capital i h\u00edbrids de capital i, si \u00e9s el cas, complement\u00e0riament, de deute. Les operacions de suport p\u00fablic temporal amb c\u00e0rrec a Fons podran atorgar fins al 31 de desembre de 2021.<\/p>\n<p>A m\u00e9s de detallar el funcionament de Fons, el president de Cofides ha avan\u00e7at com pot desenvolupar-se en el futur aquest fons i ha resolt els dubtes de les empreses.<\/p>\n","protected":false},"excerpt":{"rendered":"<p>El president de Cofides, Jos\u00e9 Luis Curbelo, ha presentat al costat de el director general d&#8217;amec,\u00a0Joan Tristany, el Fons de Recapitalitzaci\u00f3 d&#8217;empreses afectades per la COVID-19 (FONREC) dotat amb 1.000 milions, aix\u00ed com les seves claus i requisits, en una sessi\u00f3 en l\u00ednia adre\u00e7ada a la comunitat de\u00a0amec. COFIDES \u00e9s una societat mercantil estatal creada [&hellip;]<\/p>\n","protected":false},"author":1,"featured_media":5106,"comment_status":"open","ping_status":"open","sticky":false,"template":"","format":"standard","meta":{"inline_featured_image":false,"footnotes":""},"categories":[30],"tags":[],"class_list":["post-6496","post","type-post","status-publish","format-standard","has-post-thumbnail","hentry","category-croniques"],"acf":[],"_links":{"self":[{"href":"https:\/\/elementor2.ameclexdir.com\/index.php\/wp-json\/wp\/v2\/posts\/6496","targetHints":{"allow":["GET"]}}],"collection":[{"href":"https:\/\/elementor2.ameclexdir.com\/index.php\/wp-json\/wp\/v2\/posts"}],"about":[{"href":"https:\/\/elementor2.ameclexdir.com\/index.php\/wp-json\/wp\/v2\/types\/post"}],"author":[{"embeddable":true,"href":"https:\/\/elementor2.ameclexdir.com\/index.php\/wp-json\/wp\/v2\/users\/1"}],"replies":[{"embeddable":true,"href":"https:\/\/elementor2.ameclexdir.com\/index.php\/wp-json\/wp\/v2\/comments?post=6496"}],"version-history":[{"count":0,"href":"https:\/\/elementor2.ameclexdir.com\/index.php\/wp-json\/wp\/v2\/posts\/6496\/revisions"}],"wp:featuredmedia":[{"embeddable":true,"href":"https:\/\/elementor2.ameclexdir.com\/index.php\/wp-json\/wp\/v2\/media\/5106"}],"wp:attachment":[{"href":"https:\/\/elementor2.ameclexdir.com\/index.php\/wp-json\/wp\/v2\/media?parent=6496"}],"wp:term":[{"taxonomy":"category","embeddable":true,"href":"https:\/\/elementor2.ameclexdir.com\/index.php\/wp-json\/wp\/v2\/categories?post=6496"},{"taxonomy":"post_tag","embeddable":true,"href":"https:\/\/elementor2.ameclexdir.com\/index.php\/wp-json\/wp\/v2\/tags?post=6496"}],"curies":[{"name":"wp","href":"https:\/\/api.w.org\/{rel}","templated":true}]}}