{"id":6516,"date":"2021-08-25T11:14:57","date_gmt":"2021-08-25T11:14:57","guid":{"rendered":"https:\/\/wecreatedesign.co\/dev\/WP\/amec\/?p=4904"},"modified":"2021-08-25T11:14:57","modified_gmt":"2021-08-25T11:14:57","slug":"amec-apropa-els-nous-factors-de-competitivitat-industrial-a-les-empreses","status":"publish","type":"post","link":"https:\/\/elementor2.ameclexdir.com\/index.php\/2021\/08\/25\/amec-apropa-els-nous-factors-de-competitivitat-industrial-a-les-empreses\/","title":{"rendered":"amec apropa els nous factors de competitivitat industrial a les empreses"},"content":{"rendered":"<div class=\"amplada-pagina descripcion\">\n<p><img fetchpriority=\"high\" decoding=\"async\" src=\"http:\/\/wecreatedesign.co\/dev\/WP\/amec\/wp-content\/uploads\/2023\/03\/logistica-redim-w400-h178.png\" alt=\"logistica.png\" width=\"400\" height=\"178\" \/><img decoding=\"async\" src=\"https:\/\/www.amec.es\/ca\/pl14\/amecnews\/noticies\/id795\/adaptaci%C3%B3n\" alt=\"\" \/>\u00a0<strong>Les empreses industrials necessiten adaptar-se constantment.<\/strong>\u00a0En el per\u00edode de tan sols un any i mig han hagut de fer front a una pand\u00e8mia mundial i afronten actualment problemes globals com s\u00f3n els\u00a0<strong>problemes log\u00edstics i la compra de materials per a la seva cadena de muntatge.<\/strong>\u00a0<strong>Com gestionar-ho b\u00e9 i no perdre terreny enfront dels nostres competidors?<\/strong><\/p>\n<p>&nbsp;<\/p>\n<p>M\u00e9s que perdre terreny, un problema ben gestionat, per contra,\u00a0<strong>pot col\u00b7locar a una empresa en millors posicions respecte a la resta<\/strong>\u00a0en aquells mercats en qu\u00e8 es desenvolupa. \u00c9s per aix\u00f2 que\u00a0<em><strong>amec<\/strong><\/em>\u00a0<strong>vol apropar els nous factors de competitivitat industrial a les empreses.<\/strong>\u00a0Con\u00e8ixer aquests factors permetr\u00e0 poder aplicar noves estrat\u00e8gies en la gesti\u00f3 de l&#8217;empresa, treballar amb els equips perqu\u00e8 siguin adaptables i aix\u00ed poder\u00a0<strong>oferir el millor servei als client.<\/strong><\/p>\n<p>&nbsp;<\/p>\n<p>Per veure i analitzar els nous factors que permeten a les empreses ser m\u00e9s competitives i presentar davant de nous problemes nous avantatges,\u00a0<em><strong>amec<\/strong><\/em>\u00a0realitza trobades amb empreses industrials per informar-los de totes les eines i possibilitats que tenen al seu abast. En aquestes sessions\u00a0<em><strong>amec<\/strong><\/em>\u00a0posa a m\u00e9s en valor\u00a0<strong>la col\u00b7laboraci\u00f3 entre les pr\u00f2pies empreses industrials,<\/strong>\u00a0que s&#8217;ha demostrat una de les millors formes per donar resposta tant als nous reptes com a les eventualitats que es van presentant en cada moment.<\/p>\n<p>&nbsp;<\/p>\n<p>Aix\u00ed mateix, com a expert en els nous factors de competitivitat en la ind\u00fastria,\u00a0<em><strong>amec\u00a0<\/strong><\/em>ha desenvoulpat un\u00a0<a href=\"https:\/\/www.amec.es\/es\/pl102\/agenda\/id147\/factores-de-competitividad.htm\" target=\"_blank\" rel=\"noopener\">innovador programa de formaci\u00f3 especialitzada dirigida a la ind\u00fastria<\/a>, a la vegada que\u00a0ofereix assessorament tant de car\u00e0cter individual com grupal sobre qualsevol aspecte espec\u00edfic que pot preocupar a les empreses industrials en un moment determinat o sobre els projectes que volen emprendre.<\/p>\n<p>&nbsp;<\/p>\n<p>Comencem les sessions aquest mateix mes de setembre, amb una trobada a la Federaci\u00f3 Empresarial de el Gran Pened\u00e8s, el proper dia 15, que han organitzat conjuntament l&#8217;organitzaci\u00f3 empresarial i\u00a0<em><strong>amec.<\/strong><\/em><\/p>\n<p>&nbsp;<\/p>\n<p>Si est\u00e0s interesadx en organitzar una sessi\u00f3 o rebre assessorament, pots contactar amb\u00a0<a href=\"mailto:agallego@amec.es\" target=\"_blank\" rel=\"noopener\">Alejandro Gallego<\/a>\u00a0.<\/p>\n<\/div>\n","protected":false},"excerpt":{"rendered":"<p>\u00a0Les empreses industrials necessiten adaptar-se constantment.\u00a0En el per\u00edode de tan sols un any i mig han hagut de fer front a una pand\u00e8mia mundial i afronten actualment problemes globals com s\u00f3n els\u00a0problemes log\u00edstics i la compra de materials per a la seva cadena de muntatge.\u00a0Com gestionar-ho b\u00e9 i no perdre terreny enfront dels nostres competidors? [&hellip;]<\/p>\n","protected":false},"author":1,"featured_media":4905,"comment_status":"open","ping_status":"open","sticky":false,"template":"","format":"standard","meta":{"inline_featured_image":false,"footnotes":""},"categories":[27],"tags":[],"class_list":["post-6516","post","type-post","status-publish","format-standard","has-post-thumbnail","hentry","category-actualitat"],"acf":[],"_links":{"self":[{"href":"https:\/\/elementor2.ameclexdir.com\/index.php\/wp-json\/wp\/v2\/posts\/6516","targetHints":{"allow":["GET"]}}],"collection":[{"href":"https:\/\/elementor2.ameclexdir.com\/index.php\/wp-json\/wp\/v2\/posts"}],"about":[{"href":"https:\/\/elementor2.ameclexdir.com\/index.php\/wp-json\/wp\/v2\/types\/post"}],"author":[{"embeddable":true,"href":"https:\/\/elementor2.ameclexdir.com\/index.php\/wp-json\/wp\/v2\/users\/1"}],"replies":[{"embeddable":true,"href":"https:\/\/elementor2.ameclexdir.com\/index.php\/wp-json\/wp\/v2\/comments?post=6516"}],"version-history":[{"count":0,"href":"https:\/\/elementor2.ameclexdir.com\/index.php\/wp-json\/wp\/v2\/posts\/6516\/revisions"}],"wp:featuredmedia":[{"embeddable":true,"href":"https:\/\/elementor2.ameclexdir.com\/index.php\/wp-json\/"}],"wp:attachment":[{"href":"https:\/\/elementor2.ameclexdir.com\/index.php\/wp-json\/wp\/v2\/media?parent=6516"}],"wp:term":[{"taxonomy":"category","embeddable":true,"href":"https:\/\/elementor2.ameclexdir.com\/index.php\/wp-json\/wp\/v2\/categories?post=6516"},{"taxonomy":"post_tag","embeddable":true,"href":"https:\/\/elementor2.ameclexdir.com\/index.php\/wp-json\/wp\/v2\/tags?post=6516"}],"curies":[{"name":"wp","href":"https:\/\/api.w.org\/{rel}","templated":true}]}}