{"id":6518,"date":"2021-09-06T12:17:11","date_gmt":"2021-09-06T12:17:11","guid":{"rendered":"https:\/\/wecreatedesign.co\/dev\/WP\/amec\/?p=4994"},"modified":"2021-09-06T12:17:11","modified_gmt":"2021-09-06T12:17:11","slug":"amec-forma-les-empreses-industrials-sobre-els-factors-essencials-de-la-competitivitat-perque-afrontin-la-seva-transformacio-amb-exit","status":"publish","type":"post","link":"https:\/\/elementor2.ameclexdir.com\/index.php\/2021\/09\/06\/amec-forma-les-empreses-industrials-sobre-els-factors-essencials-de-la-competitivitat-perque-afrontin-la-seva-transformacio-amb-exit\/","title":{"rendered":"amec forma les empreses industrials sobre els factors essencials de la competitivitat perqu\u00e8 afrontin la seva transformaci\u00f3 amb \u00e8xit"},"content":{"rendered":"<div class=\"amplada-pagina descripcion\">\n<p><img fetchpriority=\"high\" decoding=\"async\" src=\"http:\/\/wecreatedesign.co\/dev\/WP\/amec\/wp-content\/uploads\/2023\/03\/cambio-era-redim-w500-h283.png\" alt=\"canvi-era.PNG\" width=\"500\" height=\"283\" \/>Coneixedor de tot l&#8217;entorn, dels grans reptes que afronten les empreses industrials i de les seves necessitats,\u00a0<strong><em>amec<\/em>\u00a0ha desenvolupat un programa innovador i espec\u00edfic per a la ind\u00fastria, de la m\u00e0 de grans experts,<\/strong>\u00a0destinat a donar-li les\u00a0<strong>eines per poder afrontar les adversitats, i dur a terme la seva transformaci\u00f3 i adaptaci\u00f3 amb \u00e8xit.<\/strong>\u00a0La formaci\u00f3, destinada a directius que vulguin liderar el canvi, a t\u00e8cnics especialistes i tot aquell que vulgui entendre i cr\u00e9ixer en l&#8217;entorn actual, s&#8217;iniciar\u00e0 el 28 de setembre (\u00a0<a href=\"https:\/\/www.amec.es\/es\/pl102\/agenda\/id147\/factores-de-competitividad.htm\" target=\"_blank\" rel=\"noopener\">m\u00e9s info i inscripcions<\/a>\u00a0).<\/p>\n<p>&nbsp;<\/p>\n<p>En el per\u00edode de tan sols un any i mig, les empreses han hagut de fer front a una pand\u00e8mia mundial i afronten ara problemes com la falta d&#8217;acc\u00e9s a\u00a0<strong>materials per a la seva cadena de muntatge<\/strong>\u00a0i\u00a0<strong>grans dificultats en l&#8217;operativitat log\u00edstica.<\/strong>\u00a0No obstant aix\u00f2, l&#8217;adversitat no acabar\u00e0 aqu\u00ed. Tan sols cal recordar que les mateixes empreses van afrontar molt poc abans la gran incertesa que va generar el Brexit, i les tensions derivades de la guerra comercial entre EUA i la Xina.<\/p>\n<p>&nbsp;<\/p>\n<p>Es tracta de grans dificultats la gesti\u00f3 pot marcar un abans i un despr\u00e9s en l&#8217;empresa. B\u00e9 gestionades, i aprofitant les noves oportunitats, poden situar-la de forma destacada, mentre que d&#8217;una altra manera pot perdre posicions respecte a la resta. En aquest context, \u00e9s essencial preparar-se i adquirir les capacitats que permetran a les empreses afrontar els reptes de forma resilient i \u00e0gil,\u00a0<strong>aprofitant l&#8217;adversitat per cr\u00e9ixer.<\/strong><\/p>\n<p>&nbsp;<\/p>\n<p>\u00c9s per aix\u00f2 que el programa de formaci\u00f3\u00a0<em><strong>d&#8217;amec<\/strong><\/em>\u00a0aborda, seguint amb\u00a0<a href=\"https:\/\/www.youtube.com\/watch?v=SDztjgsQdBk\" target=\"_blank\" rel=\"noopener\">la seva missi\u00f3<\/a>\u00a0, els cinc factors essencials de competitivitat empresarial:\u00a0<strong>l&#8217;adaptabilitat, la sostenibilitat, l&#8217;anticipaci\u00f3, la col\u00b7laboraci\u00f3 i la glocalitzaci\u00f3.<\/strong>\u00a0Tots ells s\u00f3n fonamentals perqu\u00e8 les empreses industrials no nom\u00e9s estiguin preparades per respondre als canvis, sense quedar-se enrere, sin\u00f3 que responguin a ells amb \u00e8xit i guanyant competitivitat.<\/p>\n<p>&nbsp;<\/p>\n<p>El programa d&#8217;el curs est\u00e0 repartit en cinc m\u00f2duls tem\u00e0tics, cada un d&#8217;ells dedicat a un dels factors de competitivitat i impartit per les seves grans experts, que s&#8217;exposaran de forma pr\u00e0ctica els continguts, incloent casos d&#8217;\u00e8xit i un debat entre tots els participants. L&#8217;elenc de formadors l&#8217;integren, ni m\u00e9s ni menys, que el director general d&#8217;<em><strong>amec,<\/strong><\/em>\u00a0<strong>Joan Tristany,<\/strong>\u00a0el subdirector general\u00a0<strong>Diego Guri,<\/strong>\u00a0la directora de la Unitat de Coneixement,\u00a0<strong>Susana Gonz\u00e1lez;<\/strong>\u00a0la directora de Able Consultancy,\u00a0<strong>Patricia Aznar;<\/strong>\u00a0i el director general de blab Spain,\u00a0<strong>Pablo S\u00e1nchez.<\/strong>\u00a0Si b\u00e9 \u00e9s recomanable seguir tota la formaci\u00f3, \u00e9s possible inscriure per separat a ada un dels m\u00f2duls.<\/p>\n<p>&nbsp;<\/p>\n<p>El programa s&#8217;iniciar\u00e0 incidint en com\u00a0<strong>l&#8217;adaptabilitat<\/strong>\u00a0\u00e9s la nova avantatge competitiu de les empreses. Per a aix\u00f2 es mostrar\u00e0 com crear ambients innovadors i flexibles davant el canvi de l&#8217;entorn per identificar i capitalitzar noves oportunitats de manera r\u00e0pida. Tamb\u00e9 s&#8217;abordar\u00e0 la\u00a0<strong>sostenibilitat<\/strong>\u00a0com a motor d&#8217;innovaci\u00f3: les empreses coneixeran\u00a0<strong>com aconseguir nivells m\u00e9s elevats de productivitat sent sostenibles,<\/strong>\u00a0quins\u00a0<strong>canvis han de realitzar<\/strong>\u00a0per aconseguir-ho i com aplicar-los.<\/p>\n<p>&nbsp;<\/p>\n<p>En el m\u00f2dul dedicat a\u00a0<strong>l&#8217;anticipaci\u00f3,<\/strong>\u00a0les empreses industrials aprendran a establir un sistema estructurat, focalitzat i sistem\u00e0tic de vigil\u00e0ncia i seguiment de l&#8217;entorn per identificar tend\u00e8ncies susceptibles de generar oportunitats i riscos, anticipant els canvis i reduint la incertesa.<\/p>\n<p>&nbsp;<\/p>\n<p>En quart lloc, es prestar\u00e0 atenci\u00f3 a la tan necess\u00e0ria\u00a0<strong>col\u00b7laboraci\u00f3 entre empreses<\/strong>\u00a0en qu\u00e8 tant incideix\u00a0<strong><i>amec,<\/i><\/strong>\u00a0i que els permet arribar molt m\u00e9s lluny. Aix\u00ed, es tractar\u00e0 com\u00a0<strong>les aliances empresarials poden convertir-se en la millor estrat\u00e8gia<\/strong>\u00a0per cr\u00e9ixer i quins s\u00f3n els\u00a0<strong>aspectes clau a tenir en compte<\/strong>\u00a0per tenir \u00e8xit. Finalment, en el m\u00f2dul dedicat a la\u00a0<strong>Glocalitzaci\u00f3<\/strong>\u00a0es mostraran exemples reals d&#8217;empreses industrials que han sabut combinar l&#8217;acci\u00f3 global amb els elements propis de el m\u00f3n local, adaptant cada \u00e0mbit de l&#8217;empresa per pensar en global i actuar en local.<\/p>\n<\/div>\n","protected":false},"excerpt":{"rendered":"<p>Coneixedor de tot l&#8217;entorn, dels grans reptes que afronten les empreses industrials i de les seves necessitats,\u00a0amec\u00a0ha desenvolupat un programa innovador i espec\u00edfic per a la ind\u00fastria, de la m\u00e0 de grans experts,\u00a0destinat a donar-li les\u00a0eines per poder afrontar les adversitats, i dur a terme la seva transformaci\u00f3 i adaptaci\u00f3 amb \u00e8xit.\u00a0La formaci\u00f3, destinada a [&hellip;]<\/p>\n","protected":false},"author":1,"featured_media":4997,"comment_status":"open","ping_status":"open","sticky":false,"template":"","format":"standard","meta":{"inline_featured_image":false,"footnotes":""},"categories":[27],"tags":[],"class_list":["post-6518","post","type-post","status-publish","format-standard","has-post-thumbnail","hentry","category-actualitat"],"acf":[],"_links":{"self":[{"href":"https:\/\/elementor2.ameclexdir.com\/index.php\/wp-json\/wp\/v2\/posts\/6518","targetHints":{"allow":["GET"]}}],"collection":[{"href":"https:\/\/elementor2.ameclexdir.com\/index.php\/wp-json\/wp\/v2\/posts"}],"about":[{"href":"https:\/\/elementor2.ameclexdir.com\/index.php\/wp-json\/wp\/v2\/types\/post"}],"author":[{"embeddable":true,"href":"https:\/\/elementor2.ameclexdir.com\/index.php\/wp-json\/wp\/v2\/users\/1"}],"replies":[{"embeddable":true,"href":"https:\/\/elementor2.ameclexdir.com\/index.php\/wp-json\/wp\/v2\/comments?post=6518"}],"version-history":[{"count":0,"href":"https:\/\/elementor2.ameclexdir.com\/index.php\/wp-json\/wp\/v2\/posts\/6518\/revisions"}],"wp:featuredmedia":[{"embeddable":true,"href":"https:\/\/elementor2.ameclexdir.com\/index.php\/wp-json\/wp\/v2\/media\/4997"}],"wp:attachment":[{"href":"https:\/\/elementor2.ameclexdir.com\/index.php\/wp-json\/wp\/v2\/media?parent=6518"}],"wp:term":[{"taxonomy":"category","embeddable":true,"href":"https:\/\/elementor2.ameclexdir.com\/index.php\/wp-json\/wp\/v2\/categories?post=6518"},{"taxonomy":"post_tag","embeddable":true,"href":"https:\/\/elementor2.ameclexdir.com\/index.php\/wp-json\/wp\/v2\/tags?post=6518"}],"curies":[{"name":"wp","href":"https:\/\/api.w.org\/{rel}","templated":true}]}}