{"id":6531,"date":"2021-09-15T12:20:59","date_gmt":"2021-09-15T12:20:59","guid":{"rendered":"https:\/\/wecreatedesign.co\/dev\/WP\/amec\/?p=5007"},"modified":"2021-09-15T12:20:59","modified_gmt":"2021-09-15T12:20:59","slug":"amec-i-municipalia-ofereixen-als-membres-de-la-comunitat-descomptes-en-la-seva-participacio","status":"publish","type":"post","link":"https:\/\/elementor2.ameclexdir.com\/index.php\/2021\/09\/15\/amec-i-municipalia-ofereixen-als-membres-de-la-comunitat-descomptes-en-la-seva-participacio\/","title":{"rendered":"amec i Municip\u00e0lia ofereixen als membres de la comunitat descomptes en la seva participaci\u00f3"},"content":{"rendered":"<div class=\"amplada-pagina descripcion\">\n<p><img fetchpriority=\"high\" decoding=\"async\" src=\"http:\/\/wecreatedesign.co\/dev\/WP\/amec\/wp-content\/uploads\/2023\/03\/municipalia-2021-redim-w825-h290.jpg\" alt=\"municipalia-2021.jpg\" width=\"825\" height=\"290\" \/><\/p>\n<p>&nbsp;<\/p>\n<p><strong><a href=\"https:\/\/firadelleida.com\/municipalia\/es\/\" target=\"_blank\" rel=\"noopener\">Municip\u00e0lia<\/a>\u00a0, la fira biennal referent per als ajuntaments,<\/strong>\u00a0que troben en aquest espai les millors solucions per a la gesti\u00f3 municipal, obrir\u00e0 les portes de l&#8217;19 a l&#8217;21 d&#8217;octubre.\u00a0<em><strong>amec<\/strong><\/em>\u00a0i la seva organitzadora, Fira de Lleida, mantenen un\u00a0<strong>acord de col\u00b7laboraci\u00f3 que inclou descomptes per a la participaci\u00f3 dels membres de la nostra comunitat.<\/strong><\/p>\n<p>&nbsp;<\/p>\n<p>Entre els sectors representats a Municip\u00e0lia es troben els de mobiliari urb\u00e0 i enllumenat p\u00fablic, gesti\u00f3 de residus, instal\u00b7lacions esportives i d&#8217;oci, parcs i jardins, obres p\u00fabliques, senyalitzaci\u00f3 i seguretat de la xarxa vi\u00e0ria, urbanisme, mobilitat, neteja municipal, salut p\u00fablica i higiene, seguretat i vigil\u00e0ncia, gesti\u00f3 de l&#8217;aigua, necr\u00f2polis, serveis municipals, governan\u00e7a i economia i TIC.<\/p>\n<p>&nbsp;<\/p>\n<p>Fira de refer\u00e8ncia a Espanya, durant tres dies reuneix el sector ja prescriptors -amb m\u00e9s de 20.000 visitants en l&#8217;\u00faltima edici\u00f3- per donar a con\u00e8ixer les propostes m\u00e9s innovadores i eficients per construir i gestionar ciutats m\u00e9s eficients, intel\u00b7ligents, segures, sostenibles i humanes per millorar la qualitat de vida de la ciutadania.<\/p>\n<p>&nbsp;<\/p>\n<p>La fira presenta una completa \u00e0rea d&#8217;exposici\u00f3 amb la participaci\u00f3 de companyies referents de el sector, empreses innovadores i una gran varietat de jornades t\u00e8cniques que aporten solucions per optimitzar la gesti\u00f3 municipal, amb propostes pioneres i sostenibles per al progr\u00e9s de les ciutats i la rendibilitzaci\u00f3 de les inversions.<\/p>\n<\/div>\n","protected":false},"excerpt":{"rendered":"<p>&nbsp; Municip\u00e0lia\u00a0, la fira biennal referent per als ajuntaments,\u00a0que troben en aquest espai les millors solucions per a la gesti\u00f3 municipal, obrir\u00e0 les portes de l&#8217;19 a l&#8217;21 d&#8217;octubre.\u00a0amec\u00a0i la seva organitzadora, Fira de Lleida, mantenen un\u00a0acord de col\u00b7laboraci\u00f3 que inclou descomptes per a la participaci\u00f3 dels membres de la nostra comunitat. &nbsp; Entre els [&hellip;]<\/p>\n","protected":false},"author":1,"featured_media":5009,"comment_status":"open","ping_status":"open","sticky":false,"template":"","format":"standard","meta":{"inline_featured_image":false,"footnotes":""},"categories":[27],"tags":[],"class_list":["post-6531","post","type-post","status-publish","format-standard","has-post-thumbnail","hentry","category-actualitat"],"acf":[],"_links":{"self":[{"href":"https:\/\/elementor2.ameclexdir.com\/index.php\/wp-json\/wp\/v2\/posts\/6531","targetHints":{"allow":["GET"]}}],"collection":[{"href":"https:\/\/elementor2.ameclexdir.com\/index.php\/wp-json\/wp\/v2\/posts"}],"about":[{"href":"https:\/\/elementor2.ameclexdir.com\/index.php\/wp-json\/wp\/v2\/types\/post"}],"author":[{"embeddable":true,"href":"https:\/\/elementor2.ameclexdir.com\/index.php\/wp-json\/wp\/v2\/users\/1"}],"replies":[{"embeddable":true,"href":"https:\/\/elementor2.ameclexdir.com\/index.php\/wp-json\/wp\/v2\/comments?post=6531"}],"version-history":[{"count":0,"href":"https:\/\/elementor2.ameclexdir.com\/index.php\/wp-json\/wp\/v2\/posts\/6531\/revisions"}],"wp:featuredmedia":[{"embeddable":true,"href":"https:\/\/elementor2.ameclexdir.com\/index.php\/wp-json\/wp\/v2\/media\/5009"}],"wp:attachment":[{"href":"https:\/\/elementor2.ameclexdir.com\/index.php\/wp-json\/wp\/v2\/media?parent=6531"}],"wp:term":[{"taxonomy":"category","embeddable":true,"href":"https:\/\/elementor2.ameclexdir.com\/index.php\/wp-json\/wp\/v2\/categories?post=6531"},{"taxonomy":"post_tag","embeddable":true,"href":"https:\/\/elementor2.ameclexdir.com\/index.php\/wp-json\/wp\/v2\/tags?post=6531"}],"curies":[{"name":"wp","href":"https:\/\/api.w.org\/{rel}","templated":true}]}}