{"id":6536,"date":"2021-10-07T12:38:48","date_gmt":"2021-10-07T12:38:48","guid":{"rendered":"https:\/\/wecreatedesign.co\/dev\/WP\/amec\/?p=5053"},"modified":"2021-10-07T12:38:48","modified_gmt":"2021-10-07T12:38:48","slug":"amec-vetlla-perque-tots-els-projectes-dels-nostres-membres-accedeixin-als-ajuts-i-financament","status":"publish","type":"post","link":"https:\/\/elementor2.ameclexdir.com\/index.php\/2021\/10\/07\/amec-vetlla-perque-tots-els-projectes-dels-nostres-membres-accedeixin-als-ajuts-i-financament\/","title":{"rendered":"amec vetlla perqu\u00e8 tots els projectes dels nostres membres accedeixin als ajuts i finan\u00e7ament"},"content":{"rendered":"<div class=\"amplada-pagina descripcion\">\n<p><em><strong>amec<\/strong><\/em>\u00a0est\u00e0 duent a terme un intens acompanyament, tant col\u00b7lectiu com individualitzat, perqu\u00e8 les\u00a0<strong>empreses industrials accedeixin als ajuts p\u00fablics.<\/strong>\u00a0Davant la inquietud sobre com es vehiculen els\u00a0<strong>Fons Next Generation EU<\/strong>\u00a0i el conjunt d&#8217;ajudes, i com accedir-hi, l&#8217;entitat s&#8217;encarrega de vehicular-perqu\u00e8 arribin de manera efectiva a la ind\u00fastria.\u00a0La tasca de l&#8217;entitat se situa en dos \u00e0mbits: d&#8217;una banda, i com a interlocutora de les administracions, vetlla perqu\u00e8 les\u00a0<strong>convocat\u00f2ries s&#8217;ajustin a les necessitats de les empreses industrials<\/strong>\u00a0i funcionin adequadament. I de l&#8217;altra, participa en la\u00a0<strong>identificaci\u00f3 directa de les convocat\u00f2ries que m\u00e9s s&#8217;ajusten a les empreses de la comunitat,<\/strong>\u00a0<strong>les comunica als membres, els assessora individualment i tramita les sol\u00b7licituds.<\/strong><\/p>\n<p>&nbsp;<\/p>\n<p><img fetchpriority=\"high\" decoding=\"async\" src=\"http:\/\/wecreatedesign.co\/dev\/WP\/amec\/wp-content\/uploads\/2021\/10\/ayudas-publicas-amec-redim-w1000-h388.jpg\" alt=\"ajudes-publiques-amec.jpg\" width=\"1000\" height=\"388\" \/><\/p>\n<p>&nbsp;<\/p>\n<p>Aix\u00ed mateix, les empreses industrials poden posar-se directament\u00a0<a href=\"https:\/\/forms.office.com\/Pages\/ResponsePage.aspx?id=M381V-1lK02x0WD9PqN2gvhvu58tCwpKkg2Hz2XHghxUN1NNV0RHTlZSMUxaTk9BR1U5RUtSSVg0Mi4u&amp;wdLOR=cF1F5D4E5-97CE-4993-A7FE-2EBAA8332B18\">en contacte amb\u00a0<em><strong>amec<\/strong><\/em><\/a>\u00a0, sol\u00b7licitar una cita per explicar el seu projecte, i rebre tot l&#8217;assessorament necessari per saber com posar-ho en marxa i en quines ajudes i finan\u00e7ament poden recolzar-se. Aquest\u00a0<a href=\"https:\/\/www.amec.es\/es\/competitividad\/tramitacion-de-ayudas.htm\" data-href=\"https:\/\/www.amec.es\/es\/competitividad\/tramitacion-de-ayudas.htm\">Servei Integral d&#8217;Ajudes P\u00fabliques<\/a>\u00a0s&#8217;enfoca principalment en tres \u00e0mbits de projectes:\u00a0<strong>innovaci\u00f3 industrial, internacionalitzaci\u00f3 i formaci\u00f3.<\/strong><\/p>\n<p>&nbsp;<\/p>\n<p><strong>&#8220;A l&#8217;estar a prop de les empreses industrials i dels organismes que impulsen les ajudes, coneixem quines s\u00f3n les necessitats. El nostre equip ofereix una resposta personalitzada a cada projecte, analitzant la seva viabilitat i l&#8217;acc\u00e9s a finan\u00e7ament p\u00fablic<\/strong>\u00a0<strong>&#8220;,<\/strong>\u00a0explica Sonia Fern\u00e1ndez, responsable de el Servei Integral d&#8217;Ajudes P\u00fabliques.<\/p>\n<p>&nbsp;<\/p>\n<p>L&#8217;objectiu\u00a0<strong><i><em>d&#8217;amec<\/em><\/i><\/strong>\u00a0\u00e9s que les empreses industrials comptin amb totes les eines disponibles per a ser competitives i puguin executar tots els seus projectes.\u00a0<strong>&#8220;Veiem com moltes vegades les empreses industrials no coneixen les convocat\u00f2ries perqu\u00e8 no tenen temps per identificar aquelles que realment els interessen, com tampoc disposen d&#8217;ell per tramitar les<\/strong>\u00a0<strong>sol\u00b7licituds&#8221;,<\/strong>\u00a0assenyala Fern\u00e1ndez. \u00c9s per aix\u00f2 que\u00a0<em><strong>amec<\/strong><\/em>\u00a0ha destinat a un equip per a la recerca activa d&#8217;informaci\u00f3 relativa a\u00a0<strong>ajudes que interessen especialment a la ind\u00fastria.<\/strong>\u00a0<strong>&#8220;Treballem creuant la informaci\u00f3 del nostre observatori d&#8217;ajudes amb les necessitats espec\u00edfiques dels projectes de la nostra comunitat<\/strong>\u00a0<strong>industrial&#8221;,<\/strong>\u00a0revela la responsable de l&#8217;servei.<\/p>\n<p>&nbsp;<\/p>\n<p>El primer dimarts de cada mes,\u00a0<em><strong>amec<\/strong><\/em>\u00a0envia als membres de la comunitat el butllet\u00ed\u00a0<em><strong>amec Ajudes P\u00fabliques<\/strong><\/em><strong><i>\u00a0<\/i><\/strong>que informa de les oportunitats, ajuts i serveis a disposici\u00f3 de les empreses industrials perqu\u00e8 tinguin m\u00e9s f\u00e0cil finan\u00e7ar els seus projectes. Aquesta setmana, per exemple, informa el Pla Renove de Maquin\u00e0ria, les ajudes de ICEX a la implantaci\u00f3 exterior, ajudes a projectes R + D dirigits a millora de processos productius i subvencions a la internacionalitzaci\u00f3 digital, aix\u00ed com una desena m\u00e9s de convocat\u00f2ries obertes.<\/p>\n<p>&nbsp;<\/p>\n<p>Aquest dimarts hem dut a terme tamb\u00e9 una sessi\u00f3 dirigida als membres de\u00a0<em><strong>amec<\/strong><\/em>\u00a0amb la pres\u00e8ncia dels responsables de l&#8217;Ministeri d&#8217;Ind\u00fastria de el nou Fons de Suport a la Inversi\u00f3 Industrial Productiva (FAIIP), que han explicat com es vehiculen aquests ajuts, aix\u00ed com les d&#8217;altres programes de finan\u00e7ament impulsats per la Direcci\u00f3 General d&#8217;Ind\u00fastria. Llum M\u00aa Potel, Cap de Servei de la Subdirecci\u00f3 General de Gesti\u00f3 i Execuci\u00f3 de Programes, ha respost a tots els dubtes de les empreses\u00a0<em><strong>d&#8217;amec.<\/strong><\/em>\u00a0Aix\u00ed mateix, el 9 de desembre celebrarem una\u00a0<a href=\"https:\/\/www.amec.es\/es\/pl102\/agenda\/id164\/conoce-las-herramientas-de-financiacion-cdti-con-enfoque-industria.htm\" data-href=\"https:\/\/www.amec.es\/es\/pl102\/agenda\/id164\/conoce-las-herramientas-de-financiacion-cdti-con-enfoque-industria.htm\">sessi\u00f3 coorganitzada i amb la pres\u00e8ncia dels responsables dels programes d&#8217;ajuda de CDTI<\/a>\u00a0per tractar amb lupa aquells m\u00e9s adequats per als nostres membres, posant l&#8217;accent en la tipologia de projectes d&#8217;inversi\u00f3 i innovaci\u00f3 que s\u00f3n finan\u00e7ables o subvencionables. En aquest sentit,\u00a0<em><strong>amec<\/strong><\/em>\u00a0\u00e9s membre de la xarxa PIDI de CDTI, que t\u00e9 com a fi l&#8217;impuls de la innovaci\u00f3 i el desenvolupament tecnol\u00f2gic de les empreses, i gr\u00e0cies a aix\u00f2 pot tramitar de forma directa les consultes de les empreses industrials i assessorar-les sobre totes les convocat\u00f2ries i opcions disponibles.\u00a0<strong>&#8220;Cap projecte industrial que pugui optar ha de quedar sense acc\u00e9s als ajuts i<\/strong>\u00a0<strong>finan\u00e7ament&#8221;,<\/strong>\u00a0incideix Fern\u00e1ndez.<\/p>\n<\/div>\n","protected":false},"excerpt":{"rendered":"<p>amec\u00a0est\u00e0 duent a terme un intens acompanyament, tant col\u00b7lectiu com individualitzat, perqu\u00e8 les\u00a0empreses industrials accedeixin als ajuts p\u00fablics.\u00a0Davant la inquietud sobre com es vehiculen els\u00a0Fons Next Generation EU\u00a0i el conjunt d&#8217;ajudes, i com accedir-hi, l&#8217;entitat s&#8217;encarrega de vehicular-perqu\u00e8 arribin de manera efectiva a la ind\u00fastria.\u00a0La tasca de l&#8217;entitat se situa en dos \u00e0mbits: d&#8217;una banda, [&hellip;]<\/p>\n","protected":false},"author":1,"featured_media":5054,"comment_status":"open","ping_status":"open","sticky":false,"template":"","format":"standard","meta":{"inline_featured_image":false,"footnotes":""},"categories":[27],"tags":[],"class_list":["post-6536","post","type-post","status-publish","format-standard","has-post-thumbnail","hentry","category-actualitat"],"acf":[],"_links":{"self":[{"href":"https:\/\/elementor2.ameclexdir.com\/index.php\/wp-json\/wp\/v2\/posts\/6536","targetHints":{"allow":["GET"]}}],"collection":[{"href":"https:\/\/elementor2.ameclexdir.com\/index.php\/wp-json\/wp\/v2\/posts"}],"about":[{"href":"https:\/\/elementor2.ameclexdir.com\/index.php\/wp-json\/wp\/v2\/types\/post"}],"author":[{"embeddable":true,"href":"https:\/\/elementor2.ameclexdir.com\/index.php\/wp-json\/wp\/v2\/users\/1"}],"replies":[{"embeddable":true,"href":"https:\/\/elementor2.ameclexdir.com\/index.php\/wp-json\/wp\/v2\/comments?post=6536"}],"version-history":[{"count":0,"href":"https:\/\/elementor2.ameclexdir.com\/index.php\/wp-json\/wp\/v2\/posts\/6536\/revisions"}],"wp:featuredmedia":[{"embeddable":true,"href":"https:\/\/elementor2.ameclexdir.com\/index.php\/wp-json\/"}],"wp:attachment":[{"href":"https:\/\/elementor2.ameclexdir.com\/index.php\/wp-json\/wp\/v2\/media?parent=6536"}],"wp:term":[{"taxonomy":"category","embeddable":true,"href":"https:\/\/elementor2.ameclexdir.com\/index.php\/wp-json\/wp\/v2\/categories?post=6536"},{"taxonomy":"post_tag","embeddable":true,"href":"https:\/\/elementor2.ameclexdir.com\/index.php\/wp-json\/wp\/v2\/tags?post=6536"}],"curies":[{"name":"wp","href":"https:\/\/api.w.org\/{rel}","templated":true}]}}