{"id":6537,"date":"2021-10-07T04:25:17","date_gmt":"2021-10-07T04:25:17","guid":{"rendered":"https:\/\/wecreatedesign.co\/dev\/WP\/amec\/?p=5135"},"modified":"2021-10-07T04:25:17","modified_gmt":"2021-10-07T04:25:17","slug":"el-president-damec-i-ceo-de-relats-protagonitza-el-debat-de-financial-times-sobre-els-nous-reptes-de-la-industria-internacionalitzada","status":"publish","type":"post","link":"https:\/\/elementor2.ameclexdir.com\/index.php\/2021\/10\/07\/el-president-damec-i-ceo-de-relats-protagonitza-el-debat-de-financial-times-sobre-els-nous-reptes-de-la-industria-internacionalitzada\/","title":{"rendered":"El president d&#8217;amec i CEO de Relats protagonitza el debat de Financial Times sobre els nous reptes de la ind\u00fastria internacionalitzada"},"content":{"rendered":"<p>El president\u00a0<em><strong>d&#8217;amec<\/strong><\/em>\u00a0i CEO de\u00a0<strong>Relats,<\/strong>\u00a0<strong>Pere Relats,<\/strong>\u00a0ha participat en el debat de\u00a0<a href=\"https:\/\/manufacturingopportunities.live.ft.com\/agenda\/session\/582143\" target=\"_blank\" rel=\"noopener\"><strong>Financial Times<\/strong>\u00a0<strong>Live<\/strong><\/a>\u00a0(\u00a0<a href=\"https:\/\/manufacturingopportunities.live.ft.com\/agenda\/session\/582143\" target=\"_blank\" rel=\"noopener\">la visualitzaci\u00f3 est\u00e0 disponible durant uns dies en aquest enlla\u00e7<\/a>\u00a0) sobre els nous reptes que afronta la ind\u00fastria internacionalitzada despr\u00e9s de la pand\u00e8mia. Moderat per l&#8217;editor de Financial Times responsable de mercats emergents,\u00a0<strong>Jonathan Wheatley,<\/strong>\u00a0han intervingut aix\u00ed mateix\u00a0<strong>Julie Linn Teigland,<\/strong>\u00a0s\u00f2cia responsable de l&#8217;\u00e0rea de Middle East, \u00cdndia i \u00c0frica de\u00a0<strong>EY;<\/strong>\u00a0<strong>Jesko Hentschel<\/strong>\u00a0Country Director, Maghreb and Malta a\u00a0<strong>The World Bank<\/strong>\u00a0i\u00a0<strong>Jaafar Mrhardy,<\/strong>\u00a0director general de\u00a0<strong>T\u00e0nger Med.<\/strong><\/p>\n<p>El debat ha servit per donar resposta a preguntes sobre\u00a0<strong>com s&#8217;est\u00e0 adaptant la ind\u00fastria a la nova era de el comer\u00e7 internacional,<\/strong>\u00a0com est\u00e0 donant resposta als\u00a0<strong>problemes de log\u00edstica i falta de mat\u00e8ries primeres,<\/strong>\u00a0quines s\u00f3n les\u00a0<strong>prioritats en la ubicaci\u00f3 de plantes i filials<\/strong>\u00a0, com garantir la rendibilitat, qualitat i temps en les\u00a0<strong>cadenes de subministraments<\/strong>\u00a0i com respondre a les necessitats d&#8217;un m\u00f3n que busca de manera urgent la sostenibilitat i una major equitat.<\/p>\n<p>El president de\u00a0<em><strong>amec<\/strong><\/em>\u00a0ha explicat que la pand\u00e8mia est\u00e0 afectant encara el funcionament de moltes plantes a tot el m\u00f3n, i en algunes \u00e0rees fins i tot estan tancades. Aix\u00ed mateix, fruit dels problemes de l&#8217;transport mar\u00edtim i la falta de contenidors,\u00a0<strong>&#8220;el cost de l&#8217;transport s&#8217;ha doblat, mentre que el de molts materials han augmentat fins a xifres que no hav\u00edem vist en una d\u00e8cada&#8221;.<\/strong>\u00a0Es tracta d&#8217;un problema molt seri\u00f3s que est\u00e0 impactant en els preus finals i la resoluci\u00f3 no arribar\u00e0 almenys fins a mitjans de 2022, tal com ha indicat Relats. El problema \u00e9s que l&#8217;augment de la demanda despr\u00e9s de la pand\u00e8mia no es veu acompanyada pels lliuraments. Per contra, la manca de microxips ha portat a l&#8217;a ind\u00fastria de l&#8217;automoci\u00f3 a una disminuci\u00f3 de la producci\u00f3 de l&#8217;20%, ia un retard de 5 i 6 mesos en els lliuraments, com ha explicat Relats. La construcci\u00f3 de noves plantes de microxips espera normalitzar la situaci\u00f3 a mitjans de 2022.<\/p>\n<p>Davant els problemes de log\u00edstica i abastament, el president\u00a0<em><strong>d&#8217;amec<\/strong><\/em>\u00a0ha confirmat que\u00a0<strong>s&#8217;estan produint canvis en les cadenes de valor.<\/strong>\u00a0En el cas de Relats, multinacional amb plantes a Europa, Marroc, Xina, Vietnam i M\u00e8xic, s&#8217;est\u00e0 duent a terme de forma gradual una redirecci\u00f3 de la producci\u00f3.\u00a0<strong>&#8220;Quan vam anar a la Xina el 2004 el pa\u00eds era la f\u00e0brica de l&#8217;m\u00f3n. Avui \u00e9s el primer mercat de l&#8217;m\u00f3n. Els nostres productes que es produeixen a Vietnam sovint viatgen a Europa o Am\u00e8rica del Sud. Aix\u00f2 est\u00e0 canviant: la nostra producci\u00f3 a Vietnam es quedar\u00e0 per servir al sud d&#8217;\u00c0sia i Jap\u00f3. Marroc deixar\u00e0 de manufacturar per a \u00c0sia i ho far\u00e0 per a Europa i la de la Xina no servir\u00e0 a Europa &#8220;.<\/strong><\/p>\n<p>A nivell general, Relats ha considerat que tota la cadena de suminstro tamb\u00e9 estar\u00e0 m\u00e9s a prop de les f\u00e0briques, a causa a m\u00e9s a la nova tend\u00e8ncia en auge de\u00a0<strong>personalitzaci\u00f3 dels productes.<\/strong>\u00a0Aix\u00ed, es produeix un gran canvi: l&#8217;estrat\u00e8gia se centra en estar\u00a0<strong>a prop dels punts d&#8217;enginyeria i dels clients.<\/strong>\u00a0<strong>&#8220;Les firmes d&#8217;automoci\u00f3 a Alemanya ja estan fent inversions en aquest sentit, a l&#8217;igual que Tesla als EUA. Fran\u00e7a i It\u00e0lia fan els mateix, les inversions es realitzen en el pa\u00eds i no en un altre lloc&#8221;,<\/strong>\u00a0ha afirmat.<\/p>\n<p>Amb tot aix\u00f2, entra tamb\u00e9 en joc un aspecte tan important com la\u00a0<strong>sostenibilitat,<\/strong>\u00a0tal com ha subratllat Relats. A m\u00e9s de reduir la petjada de carboni en el transport, les plantes industrials tamb\u00e9 estan invertint per ser m\u00e9s sostenibles.\u00a0<strong>&#8220;Necessitem respondre i fer-ho ja. Invertir en energies renovables. El nostre grup est\u00e0 treballant molt dura en aquesta direcci\u00f3 &#8220;,<\/strong>\u00a0ha afirmat.<\/p>\n<p>Els problemes de subministrament\u00a0<strong>&#8220;no van a resoldre aviat&#8221;,<\/strong>\u00a0ha coincidit Julie Linn Teigland, EMEIA \u00c0rea Managing Partner a\u00a0<strong><a href=\"https:\/\/www.linkedin.com\/company\/ernstandyoung\/\" data-attribute-index=\"10\" data-entity-hovercard-id=\"urn:li:fs_miniCompany:1073\" data-entity-type=\"MINI_COMPANY\">EY<\/a><\/strong>\u00a0, que ha explicat que\u00a0<strong>la ind\u00fastria est\u00e0 estocando per assegurar-se els materials,<\/strong>\u00a0cosa que no alleujar\u00e0 en absolut la situaci\u00f3, que pot mantenir-se durant els propers 18 mesos. No obstant aix\u00f2 ha incidit que les millores tecnol\u00f2giques i la digitalitzaci\u00f3 contribuiran de forma molt destacada a redirigir i gestionar de forma \u00f2ptima les cadenes de valor.\u00a0<strong>&#8220;S&#8217;est\u00e0 produint una incre\u00efble acceleraci\u00f3 de la digitalitzaci\u00f3 que veurem en els propers 24 mesos&#8221;,<\/strong>\u00a0ha destacat.<\/p>\n<p>Jaafar Mrhardy, director general de T\u00e0nger Med, ha destacat la import\u00e0ncia de comptar amb una\u00a0<strong>localitzaci\u00f3 prop de el mercat i el client final<\/strong>\u00a0per a la ind\u00fastria.\u00a0<strong>&#8220;Les multinacionals estan triant de nou Marroc i Tanger per a la seva producci\u00f3 per a Europa&#8221;.<\/strong>\u00a0La pressi\u00f3 de l&#8217;ecommerce i la rapidesa de lliurament ha fet que empreses com Zara o M\u00e0xim Dutti tri\u00efn relocalitzar, en un moviment invers a l&#8217;realitzat fa 20 anys.\u00a0<strong>&#8220;\u00c0frica es beneficia d&#8217;aquesta nova tend\u00e8ncia&#8221;,<\/strong>\u00a0ha afirmat. Per Lin, per\u00f2,\u00a0<strong>les noves tecnologies permetran a la ind\u00fastria establir un equilibri per fer un bon balan\u00e7 entre resili\u00e8ncia i localitzaci\u00f3.<\/strong>\u00a0Aix\u00ed, els processos s&#8217;automatitzaran i el repte \u00e9s\u00a0<strong>com construir cadenes de subministrament resilients.<\/strong><\/p>\n<p>Pel que fa a la preocupaci\u00f3 per la sostenibilitat, Lin ha destacat la rapidesa amb qu\u00e8 s&#8217;estan produint els canvis, com per exemple amb l&#8217;eliminaci\u00f3 a la ind\u00fastria de l&#8217;transport de tots aquells materials pl\u00e0stics que no aporten valor. Jesko Hentschel Country Director, Maghreb and Malta a\u00a0<strong>The World Bank,<\/strong>\u00a0tamb\u00e9 ha valorat la r\u00e0pida transici\u00f3 ecol\u00f2gica que est\u00e0 duent a terme la ind\u00fastria. Tot i aix\u00f2, ha incidit en la necessitat de col\u00b7laborar en pol\u00edtiques globals i de el comer\u00e7 internacional per lluitar contra les creixents desigualtats i contra la pobresa.\u00a0<strong>&#8220;Afrontar aquests efectes globals de desigualtat i pobresa ser\u00e0 crucial per al comer\u00e7 en el futur&#8221;,<\/strong>\u00a0ha indicat, a el temps que ha destacat\u00a0<strong>&#8220;la certificaci\u00f3 de la cadena de valor&#8221;.<\/strong>\u00a0Per anar en la bona direcci\u00f3 ha contribu\u00eft\u00a0<strong>&#8220;la pand\u00e8mia, que ha afavorit un govern m\u00e9s fort&#8221;.<\/strong><\/p>\n","protected":false},"excerpt":{"rendered":"<p>El president\u00a0d&#8217;amec\u00a0i CEO de\u00a0Relats,\u00a0Pere Relats,\u00a0ha participat en el debat de\u00a0Financial Times\u00a0Live\u00a0(\u00a0la visualitzaci\u00f3 est\u00e0 disponible durant uns dies en aquest enlla\u00e7\u00a0) sobre els nous reptes que afronta la ind\u00fastria internacionalitzada despr\u00e9s de la pand\u00e8mia. Moderat per l&#8217;editor de Financial Times responsable de mercats emergents,\u00a0Jonathan Wheatley,\u00a0han intervingut aix\u00ed mateix\u00a0Julie Linn Teigland,\u00a0s\u00f2cia responsable de l&#8217;\u00e0rea de Middle East, [&hellip;]<\/p>\n","protected":false},"author":1,"featured_media":5145,"comment_status":"open","ping_status":"open","sticky":false,"template":"","format":"standard","meta":{"inline_featured_image":false,"footnotes":""},"categories":[30],"tags":[],"class_list":["post-6537","post","type-post","status-publish","format-standard","has-post-thumbnail","hentry","category-croniques"],"acf":[],"_links":{"self":[{"href":"https:\/\/elementor2.ameclexdir.com\/index.php\/wp-json\/wp\/v2\/posts\/6537","targetHints":{"allow":["GET"]}}],"collection":[{"href":"https:\/\/elementor2.ameclexdir.com\/index.php\/wp-json\/wp\/v2\/posts"}],"about":[{"href":"https:\/\/elementor2.ameclexdir.com\/index.php\/wp-json\/wp\/v2\/types\/post"}],"author":[{"embeddable":true,"href":"https:\/\/elementor2.ameclexdir.com\/index.php\/wp-json\/wp\/v2\/users\/1"}],"replies":[{"embeddable":true,"href":"https:\/\/elementor2.ameclexdir.com\/index.php\/wp-json\/wp\/v2\/comments?post=6537"}],"version-history":[{"count":0,"href":"https:\/\/elementor2.ameclexdir.com\/index.php\/wp-json\/wp\/v2\/posts\/6537\/revisions"}],"wp:featuredmedia":[{"embeddable":true,"href":"https:\/\/elementor2.ameclexdir.com\/index.php\/wp-json\/"}],"wp:attachment":[{"href":"https:\/\/elementor2.ameclexdir.com\/index.php\/wp-json\/wp\/v2\/media?parent=6537"}],"wp:term":[{"taxonomy":"category","embeddable":true,"href":"https:\/\/elementor2.ameclexdir.com\/index.php\/wp-json\/wp\/v2\/categories?post=6537"},{"taxonomy":"post_tag","embeddable":true,"href":"https:\/\/elementor2.ameclexdir.com\/index.php\/wp-json\/wp\/v2\/tags?post=6537"}],"curies":[{"name":"wp","href":"https:\/\/api.w.org\/{rel}","templated":true}]}}