{"id":6538,"date":"2021-10-07T04:32:30","date_gmt":"2021-10-07T04:32:30","guid":{"rendered":"https:\/\/wecreatedesign.co\/dev\/WP\/amec\/?p=5164"},"modified":"2021-10-07T04:32:30","modified_gmt":"2021-10-07T04:32:30","slug":"la-comissio-de-talent-tracta-el-replantejament-integral-en-la-politica-de-persones","status":"publish","type":"post","link":"https:\/\/elementor2.ameclexdir.com\/index.php\/2021\/10\/07\/la-comissio-de-talent-tracta-el-replantejament-integral-en-la-politica-de-persones\/","title":{"rendered":"La Comissi\u00f3 de Talent tracta el replantejament integral en la pol\u00edtica de persones"},"content":{"rendered":"<p>La Comissi\u00f3 de Talent\u00a0<em><strong>d&#8217;amec<\/strong><\/em>\u00a0es va reunir al setembre va tractar en la seva primera reuni\u00f3 els temes m\u00e9s importants que preocupen i ocupen a les empreses industrials a hores d&#8217;ara en relaci\u00f3 amb els recursos humans i el talent a les empreses industrials.<\/p>\n<p>Aix\u00ed, va tractar com gestionar l&#8217;acompanyament de les persones i impulsar els perfils m\u00e9s digitals en el proc\u00e9s d&#8217;integraci\u00f3 de la digitalitzaci\u00f3 en les companyies. Entre les dificultats detectades i analitzades segueix estant la captaci\u00f3 de perfils t\u00e8cnic-comercials. Els membres de la comissi\u00f3 van constatar com la pand\u00e8mia ha accelerat la flexibilitat hor\u00e0ria, els plans d&#8217;igualtat i els sistemes d&#8217;avaluaci\u00f3 a trav\u00e9s de noves eines. Aix\u00ed mateix, algunes empreses van comentar\u00a0<strong>com estan fent un replantejament integral en la pol\u00edtica de persones<\/strong>\u00a0i en qu\u00e8 consisteixen els importants canvis que s&#8217;estan introduint.<\/p>\n<p>Els membres de la comissi\u00f3 van realitzar aix\u00ed un debat sobre l&#8217;evoluci\u00f3 futura de la feina, despr\u00e9s d&#8217;una pon\u00e8ncia inicial per part d&#8217;Albert Ca\u00f1igueral, Director general d&#8217;Dades Obertes, Transpar\u00e8ncia i Col\u00b7laboraci\u00f3 de la Generalitat, i Autor de llibre\u00a0<em><strong>El treball ja no \u00e9s el que era.<\/strong><\/em>\u00a0El debat va incidir en la import\u00e0ncia vital per a les empreses de comptar amb una estrat\u00e8gia de talent.\u00a0<strong>&#8220;No tenir una estrat\u00e8gia de talent avui \u00e9s com si en els &#8217;90 no hagu\u00e9ssim tingut en compte internet o posteriorment tampoc hagu\u00e9ssim considerat la revoluci\u00f3 dels smartphones&#8221;,<\/strong>\u00a0va comentar Ca\u00f1igueral.<\/p>\n","protected":false},"excerpt":{"rendered":"<p>La Comissi\u00f3 de Talent\u00a0d&#8217;amec\u00a0es va reunir al setembre va tractar en la seva primera reuni\u00f3 els temes m\u00e9s importants que preocupen i ocupen a les empreses industrials a hores d&#8217;ara en relaci\u00f3 amb els recursos humans i el talent a les empreses industrials. Aix\u00ed, va tractar com gestionar l&#8217;acompanyament de les persones i impulsar els [&hellip;]<\/p>\n","protected":false},"author":1,"featured_media":5167,"comment_status":"open","ping_status":"open","sticky":false,"template":"","format":"standard","meta":{"inline_featured_image":false,"footnotes":""},"categories":[30],"tags":[],"class_list":["post-6538","post","type-post","status-publish","format-standard","has-post-thumbnail","hentry","category-croniques"],"acf":[],"_links":{"self":[{"href":"https:\/\/elementor2.ameclexdir.com\/index.php\/wp-json\/wp\/v2\/posts\/6538","targetHints":{"allow":["GET"]}}],"collection":[{"href":"https:\/\/elementor2.ameclexdir.com\/index.php\/wp-json\/wp\/v2\/posts"}],"about":[{"href":"https:\/\/elementor2.ameclexdir.com\/index.php\/wp-json\/wp\/v2\/types\/post"}],"author":[{"embeddable":true,"href":"https:\/\/elementor2.ameclexdir.com\/index.php\/wp-json\/wp\/v2\/users\/1"}],"replies":[{"embeddable":true,"href":"https:\/\/elementor2.ameclexdir.com\/index.php\/wp-json\/wp\/v2\/comments?post=6538"}],"version-history":[{"count":0,"href":"https:\/\/elementor2.ameclexdir.com\/index.php\/wp-json\/wp\/v2\/posts\/6538\/revisions"}],"wp:featuredmedia":[{"embeddable":true,"href":"https:\/\/elementor2.ameclexdir.com\/index.php\/wp-json\/wp\/v2\/media\/5167"}],"wp:attachment":[{"href":"https:\/\/elementor2.ameclexdir.com\/index.php\/wp-json\/wp\/v2\/media?parent=6538"}],"wp:term":[{"taxonomy":"category","embeddable":true,"href":"https:\/\/elementor2.ameclexdir.com\/index.php\/wp-json\/wp\/v2\/categories?post=6538"},{"taxonomy":"post_tag","embeddable":true,"href":"https:\/\/elementor2.ameclexdir.com\/index.php\/wp-json\/wp\/v2\/tags?post=6538"}],"curies":[{"name":"wp","href":"https:\/\/api.w.org\/{rel}","templated":true}]}}