{"id":6540,"date":"2021-09-16T07:03:45","date_gmt":"2021-09-16T07:03:45","guid":{"rendered":"https:\/\/wecreatedesign.co\/dev\/WP\/amec\/?p=5584"},"modified":"2021-09-16T07:03:45","modified_gmt":"2021-09-16T07:03:45","slug":"com-estalviar-en-la-despesa-electrica-duna-empresa","status":"publish","type":"post","link":"https:\/\/elementor2.ameclexdir.com\/index.php\/2021\/09\/16\/com-estalviar-en-la-despesa-electrica-duna-empresa\/","title":{"rendered":"Com estalviar en la despesa el\u00e8ctrica d&#8217;una empresa?"},"content":{"rendered":"<p>El consum d&#8217;electricitat \u00e9s un dels principals despeses fixes d&#8217;un negoci i varia molt segons el sector d&#8217;activitat, el nombre de treballadors o la quantitat de maquin\u00e0ria que es precisi, entre d&#8217;altres factors.<\/p>\n<p>Actualment, hi ha una gran preocupaci\u00f3 per la factura el\u00e8ctrica despr\u00e9s de les cont\u00ednues pujades de l&#8217;preu de la llum en origen, que ha registrat preus m\u00e0xims hist\u00f2rics aquest 2021, especialment en moments de gran demanda. Al que cal sumar el canvi de tarifaci\u00f3 des del passat mes de juny.<\/p>\n<p>&nbsp;<\/p>\n<p>Davant d&#8217;aquesta situaci\u00f3,\u00a0<strong>qu\u00e8 es pot fer per estalviar en la despesa el\u00e8ctrica d&#8217;una empresa?<\/strong>\u00a0Els experts de Novaluz, comercialitzadora el\u00e8ctrica per a pimes, que utilitza\u00a0<strong>energia 100% verda,<\/strong>\u00a0apunten les pautes clau per reduir la factura de la llum:<\/p>\n<ul>\n<li>Contracta solament la pot\u00e8ncia que necessitis: saps si la pot\u00e8ncia que tens contractada \u00e9s la que realment necessites en el teu negoci? No hi ha una pot\u00e8ncia el\u00e8ctrica determinada per a les petites i mitjanes empreses, ja que s&#8217;ha d&#8217;ajustar en funci\u00f3 de l&#8217;activitat econ\u00f2mica que desenvolupi i la necessitat d&#8217;energia de cada cas. El que s\u00ed \u00e9s cert \u00e9s que tenir la pot\u00e8ncia adequada contribueix a l&#8217;estalvi, fins i tot de 26% en la factura el\u00e8ctrica, per al que podr\u00e0s comptar amb un assessor especialitzat en electricitat que t&#8217;ajudar\u00e0 a con\u00e8ixer la pot\u00e8ncia m\u00e9s \u00f2ptima per al teu negoci.<\/li>\n<li>Aposta per llums LED o bombetes de baix consum: comprovar el tipus de bombetes que tens al teu negoci i substituir-les per il\u00b7luminaci\u00f3 LED no nom\u00e9s crea un impacte positiu en el medi ambient, tamb\u00e9 suposa un estalvi de fins al 80% de l&#8217;consum el\u00e8ctric.<\/li>\n<li>Utilitza energia verda per al teu pime: a Novaluz apostem per l&#8217;energia 100% verda per a la producci\u00f3 d&#8217;electricitat, el que permet un preu m\u00e9s econ\u00f2mic perqu\u00e8 el cost de generaci\u00f3 \u00e9s m\u00e9s redu\u00eft que en les energies f\u00f2ssils, a l&#8217;tractar-se d&#8217;energia renovable i no contaminant. Aix\u00f2 no vol dir que la teva empresa utilitzi nom\u00e9s aquesta energia perqu\u00e8 l&#8217;electricitat que consumim a Espanya es genera per diferents vies, per\u00f2 es distribueix en la mateixa xarxa el\u00e8ctrica. No obstant aix\u00f2, si una pime contracta electricitat 100% verda t\u00e9 la garantia que la mateixa quantitat d&#8217;electricitat que consumeix s&#8217;ha generat a partir d&#8217;energia verda, amb un cost de producci\u00f3 molt menor. I, a m\u00e9s d&#8217;estalvi, suposa una reducci\u00f3 de l&#8217;impacte mediambiental i contribueix a la descarbonitzaci\u00f3 de les ciutats.<\/li>\n<li>Desconnecta els aparells electr\u00f2nics sense utilitzar: aquest simple gest pot ajudar al teu pime a reduir la despesa el\u00e8ctrics uns 60 euros a l&#8217;any. Si a el bon \u00fas dels aparells electr\u00f2nics li sumem la substituci\u00f3 d&#8217;equips obsolets per altres amb etiqueta A +++, A ++ i A +, l&#8217;estalvi \u00e9s molt m\u00e9s gran a curt i llarg termini.<\/li>\n<li>Bon \u00fas en els sistemes de climatitzaci\u00f3: la climatitzaci\u00f3 zonificada en lloc de centralitzada i el control de l&#8217;term\u00f2stat suposa un estalvi d&#8217;entre el 7 i el 11%. A m\u00e9s, utilitzar el programa ress\u00f2 en l&#8217;aire condicionat permet estalviar un 30%.<\/li>\n<\/ul>\n<p>&nbsp;<\/p>\n<p>Amb aquests consells i amb un assessorament personalitzat per optimitzar el consum el\u00e8ctric, com el que ofereix Novaluz, podr\u00e0s estalviar en el consum el\u00e8ctric i fer un consum responsable amb el medi ambient.<\/p>\n","protected":false},"excerpt":{"rendered":"<p>El consum d&#8217;electricitat \u00e9s un dels principals despeses fixes d&#8217;un negoci i varia molt segons el sector d&#8217;activitat, el nombre de treballadors o la quantitat de maquin\u00e0ria que es precisi, entre d&#8217;altres factors.<\/p>\n","protected":false},"author":1,"featured_media":5585,"comment_status":"open","ping_status":"open","sticky":false,"template":"","format":"standard","meta":{"inline_featured_image":false,"footnotes":""},"categories":[29],"tags":[],"class_list":["post-6540","post","type-post","status-publish","format-standard","has-post-thumbnail","hentry","category-articles-dexperts"],"acf":[],"_links":{"self":[{"href":"https:\/\/elementor2.ameclexdir.com\/index.php\/wp-json\/wp\/v2\/posts\/6540","targetHints":{"allow":["GET"]}}],"collection":[{"href":"https:\/\/elementor2.ameclexdir.com\/index.php\/wp-json\/wp\/v2\/posts"}],"about":[{"href":"https:\/\/elementor2.ameclexdir.com\/index.php\/wp-json\/wp\/v2\/types\/post"}],"author":[{"embeddable":true,"href":"https:\/\/elementor2.ameclexdir.com\/index.php\/wp-json\/wp\/v2\/users\/1"}],"replies":[{"embeddable":true,"href":"https:\/\/elementor2.ameclexdir.com\/index.php\/wp-json\/wp\/v2\/comments?post=6540"}],"version-history":[{"count":0,"href":"https:\/\/elementor2.ameclexdir.com\/index.php\/wp-json\/wp\/v2\/posts\/6540\/revisions"}],"wp:featuredmedia":[{"embeddable":true,"href":"https:\/\/elementor2.ameclexdir.com\/index.php\/wp-json\/"}],"wp:attachment":[{"href":"https:\/\/elementor2.ameclexdir.com\/index.php\/wp-json\/wp\/v2\/media?parent=6540"}],"wp:term":[{"taxonomy":"category","embeddable":true,"href":"https:\/\/elementor2.ameclexdir.com\/index.php\/wp-json\/wp\/v2\/categories?post=6540"},{"taxonomy":"post_tag","embeddable":true,"href":"https:\/\/elementor2.ameclexdir.com\/index.php\/wp-json\/wp\/v2\/tags?post=6540"}],"curies":[{"name":"wp","href":"https:\/\/api.w.org\/{rel}","templated":true}]}}