{"id":6546,"date":"2021-10-21T11:30:29","date_gmt":"2021-10-21T11:30:29","guid":{"rendered":"https:\/\/wecreatedesign.co\/dev\/WP\/amec\/?p=4935"},"modified":"2021-10-21T11:30:29","modified_gmt":"2021-10-21T11:30:29","slug":"el-mon-a-rac-1-entrevista-de-jordi-baste-a-joan-tristany","status":"publish","type":"post","link":"https:\/\/elementor2.ameclexdir.com\/index.php\/2021\/10\/21\/el-mon-a-rac-1-entrevista-de-jordi-baste-a-joan-tristany\/","title":{"rendered":"El M\u00f3n a Rac 1: entrevista de Jordi Bast\u00e9 a Joan Tristany"},"content":{"rendered":"<p>El director general\u00a0<em><strong>d&#8217;amec,<\/strong><\/em>\u00a0Joan Tristany, ha intervingut avui al programa El M\u00f3n a RAC-1, presentat per Jordi Bast\u00e9, per explicar de forma did\u00e0ctica qu\u00e8 est\u00e0 passant a la ind\u00fastria, que afronta el auento de preus de mat\u00e8ries primeres, les dificultats d&#8217;abastament i d&#8217;operativa log\u00edstica. Tristany a explicat l&#8217;origen dels problemes i com aquests poden traslladar-se a la resta de l&#8217;economia.<\/p>\n<p>&nbsp;<\/p>\n<p>Escolta-aqu\u00ed:<\/p>\n<div id=\"atstbx\" class=\"at-resp-share-element at-style-responsive addthis-smartlayers addthis-animated at4-show\" role=\"region\" aria-labelledby=\"at-27c7aeba-6e70-47b6-b54c-4f65b817d3be\"><span id=\"at-27c7aeba-6e70-47b6-b54c-4f65b817d3be\" class=\"at4-visually-hidden\"><\/span><\/p>\n<div class=\"at-share-btn-elements\"><img fetchpriority=\"high\" decoding=\"async\" src=\"rac1.png\" alt=\"rac1.png\" width=\"225\" height=\"225\" \/><\/div>\n","protected":false},"excerpt":{"rendered":"<p>El director general\u00a0d&#8217;amec,\u00a0Joan Tristany, ha intervingut avui al programa El M\u00f3n a RAC-1, presentat per Jordi Bast\u00e9, per explicar de forma did\u00e0ctica qu\u00e8 est\u00e0 passant a la ind\u00fastria, que afronta el auento de preus de mat\u00e8ries primeres, les dificultats d&#8217;abastament i d&#8217;operativa log\u00edstica. Tristany a explicat l&#8217;origen dels problemes i com aquests poden traslladar-se a [&hellip;]<\/p>\n","protected":false},"author":1,"featured_media":0,"comment_status":"open","ping_status":"open","sticky":false,"template":"","format":"standard","meta":{"inline_featured_image":false,"footnotes":""},"categories":[25],"tags":[],"class_list":["post-6546","post","type-post","status-publish","format-standard","hentry","category-amec-als-mitjans"],"acf":[],"_links":{"self":[{"href":"https:\/\/elementor2.ameclexdir.com\/index.php\/wp-json\/wp\/v2\/posts\/6546","targetHints":{"allow":["GET"]}}],"collection":[{"href":"https:\/\/elementor2.ameclexdir.com\/index.php\/wp-json\/wp\/v2\/posts"}],"about":[{"href":"https:\/\/elementor2.ameclexdir.com\/index.php\/wp-json\/wp\/v2\/types\/post"}],"author":[{"embeddable":true,"href":"https:\/\/elementor2.ameclexdir.com\/index.php\/wp-json\/wp\/v2\/users\/1"}],"replies":[{"embeddable":true,"href":"https:\/\/elementor2.ameclexdir.com\/index.php\/wp-json\/wp\/v2\/comments?post=6546"}],"version-history":[{"count":0,"href":"https:\/\/elementor2.ameclexdir.com\/index.php\/wp-json\/wp\/v2\/posts\/6546\/revisions"}],"wp:attachment":[{"href":"https:\/\/elementor2.ameclexdir.com\/index.php\/wp-json\/wp\/v2\/media?parent=6546"}],"wp:term":[{"taxonomy":"category","embeddable":true,"href":"https:\/\/elementor2.ameclexdir.com\/index.php\/wp-json\/wp\/v2\/categories?post=6546"},{"taxonomy":"post_tag","embeddable":true,"href":"https:\/\/elementor2.ameclexdir.com\/index.php\/wp-json\/wp\/v2\/tags?post=6546"}],"curies":[{"name":"wp","href":"https:\/\/api.w.org\/{rel}","templated":true}]}}