{"id":6558,"date":"2021-11-04T12:51:53","date_gmt":"2021-11-04T12:51:53","guid":{"rendered":"https:\/\/wecreatedesign.co\/dev\/WP\/amec\/?p=5068"},"modified":"2021-11-04T12:51:53","modified_gmt":"2021-11-04T12:51:53","slug":"amec-i-loficina-nacional-de-prospectiva-del-gabinet-de-presidencia-es-reuneixen-per-tractar-la-seva-participacio-en-el-desenvolupament-del-document-espanya-2050-2","status":"publish","type":"post","link":"https:\/\/elementor2.ameclexdir.com\/index.php\/2021\/11\/04\/amec-i-loficina-nacional-de-prospectiva-del-gabinet-de-presidencia-es-reuneixen-per-tractar-la-seva-participacio-en-el-desenvolupament-del-document-espanya-2050-2\/","title":{"rendered":"amec i l&#8217;Oficina Nacional de Prospectiva del Gabinet de Presid\u00e8ncia es reuneixen per tractar la seva participaci\u00f3 en el desenvolupament del document &#8216;Espanya 2050&#8217;"},"content":{"rendered":"<div class=\"amplada-pagina descripcion\">\n<p class=\"x_xmsonormal\"><strong><i><a href=\"https:\/\/www.espana2050.com\/\" target=\"_blank\" rel=\"noopener\"><img fetchpriority=\"high\" decoding=\"async\" src=\"http:\/\/wecreatedesign.co\/dev\/WP\/amec\/wp-content\/uploads\/2023\/03\/oficina-prospectiva-moncloa-redim-w600-h421.jpg\" alt=\"Oficina-prospectiva-moncloa.jpg\" width=\"600\" height=\"421\" \/><\/a>amec<\/i><\/strong>\u00a0s&#8217;ha reunit amb els responsables de l&#8217;\u00a0<a href=\"https:\/\/www.espana2050.com\/\" target=\"_blank\" rel=\"noopener\">Oficina Nacional de Prospectiva i Estrat\u00e8gia de Pa\u00eds a Llarg Termini<\/a>\u00a0, que forma part del Gabinet de Presid\u00e8ncia del Govern, per abordar els temes estrat\u00e8gics i que determinaran en el futur la marxa del pa\u00eds. La trobada ha tingut lloc en un moment decisiu, en qu\u00e8\u00a0<strong>\u201cuna aposta per la ind\u00fastria, sempre duta a terme en la bona direcci\u00f3, pot marcar el rumb de la nostra economia i el nostre benestar en les properes d\u00e8cades\u201d<\/strong>\u00a0, explica el director general de\u00a0<strong><i>amec<\/i><\/strong>\u00a0, Joan Tristany. En aquest sentit, durant la reuni\u00f3\u00a0<strong><i>amec<\/i><\/strong>\u00a0<strong>s&#8217;ha comprom\u00e8s a realitzar les aportacions oportunes al document\u00a0<a href=\"https:\/\/www.lamoncloa.gob.es\/presidente\/actividades\/Documents\/2021\/200521-Estrategia_Espana_2050.pdf\" target=\"_blank\" rel=\"noopener\"><i>Espanya 2050.<\/i>\u00a0<i>Fonaments i propostes per a una Estrat\u00e8gia Nacional de Llarg Termini<\/i><\/a><\/strong>\u00a0. L&#8217;informe, elaborat per un centenar d&#8217;expertes i experts sobre els grans desafiaments estructurals que Espanya haur\u00e0 d&#8217;afrontar i superar en les properes d\u00e8cades si vol convergir amb els pa\u00efsos m\u00e9s avan\u00e7ats de la UE, es presenta com a proposta inicial on treballar per enriquir mitjan\u00e7ant la suma d&#8217;aportacions com les que realitzar\u00e0\u00a0<strong><i>amec<\/i><\/strong>\u00a0.<\/p>\n<p class=\"x_xmsonormal\">En aquest sentit,\u00a0<strong><i>amec<\/i><\/strong>\u00a0es congratula especialment pel treball que desenvolupa l&#8217;Oficina Nacional de Prospectiva, que suposa un alineament complet amb els objectius de l&#8217;entitat i de la tasca que desenvolupa l&#8217;\u00a0<strong>Observatori<\/strong>\u00a0<strong><i>amec<\/i><\/strong>\u00a0. La comunitat de les empreses industrials fa des de fa anys un intens treball de prospectiva a trav\u00e9s del seu\u00a0<strong>Observatori<\/strong>\u00a0per tal que la comunitat industrial tingui una visi\u00f3 a llarg termini per poder anticipar-se, aix\u00ed com detectar oportunitats. \u00c9s per aix\u00f2 que\u00a0<strong><i>amec<\/i><\/strong>\u00a0ja va traslladar al seu moment la necessitat de crear una oficina de prospectiva a nivell estatal per abordar els reptes, les oportunitats i les tend\u00e8ncies per tal de desenvolupar estrat\u00e8gies anticipat\u00f2ries que permetin el desenvolupament d&#8217;un pa\u00eds competitiu. Aix\u00ed, l&#8217;Oficina Nacional de Prospectiva i Estrat\u00e8gia Pa\u00eds es va crear el gener del 2020, amb seu a La Moncloa, per combatre en la gesti\u00f3 p\u00fablica les decisions en qu\u00e8 prevalen els resultats a curt termini i vetllar pels interessos estrat\u00e8gics els propers 30 anys. anys. La seva missi\u00f3 consisteix a\u00a0<strong>\u201canalitzar de manera sistem\u00e0tica l&#8217;evid\u00e8ncia emp\u00edrica disponible per identificar els possibles desafiaments i oportunitats (demogr\u00e0fics, econ\u00f2mics, geopol\u00edtics, mediambientals, socials o educatius&#8230;) que Espanya haur\u00e0 d&#8217;afrontar a mitj\u00e0 i llarg termini, i de ajudar el pa\u00eds a preparar-se per a ells\u201d<\/strong>\u00a0. Ser\u00e0 tamb\u00e9 ara l&#8217;\u00a0<strong>Observatori\u00a0<i>amec<\/i><\/strong>\u00a0qui s&#8217;encarregar\u00e0 de contrastar i enriquir les propostes que inclouen el document i que afecten la competitivitat de l&#8217;economia espanyola i el desenvolupament d&#8217;una ind\u00fastria moderna i avan\u00e7ada, i especialment les que engloba el cap\u00edtol primer, sota el t\u00edtol de\u00a0<i>Ser m\u00e9s productius per cr\u00e9ixer millor<\/i>\u00a0.<\/p>\n<p class=\"x_xmsonormal\"><strong>Xarxa Europea de Governan\u00e7a Prospectiva<\/strong><strong>\u00a0<\/strong><\/p>\n<p class=\"x_xmsonormal\">El novembre de 2020 la Comissi\u00f3 Europea va posar en marxa juntament amb \u00c0ustria, Alemanya, Finl\u00e0ndia, Portugal i Espanya la Xarxa Europea de Governan\u00e7a Prospectiva (European Government Foresight Network), una xarxa integrada per les oficines de prospectiva dels membres fundadors amb l&#8217;objectiu de coordinar els treballs.<\/p>\n<\/div>\n","protected":false},"excerpt":{"rendered":"<p>amec\u00a0s&#8217;ha reunit amb els responsables de l&#8217;\u00a0Oficina Nacional de Prospectiva i Estrat\u00e8gia de Pa\u00eds a Llarg Termini\u00a0, que forma part del Gabinet de Presid\u00e8ncia del Govern, per abordar els temes estrat\u00e8gics i que determinaran en el futur la marxa del pa\u00eds. La trobada ha tingut lloc en un moment decisiu, en qu\u00e8\u00a0\u201cuna aposta per la [&hellip;]<\/p>\n","protected":false},"author":1,"featured_media":5069,"comment_status":"open","ping_status":"open","sticky":false,"template":"","format":"standard","meta":{"inline_featured_image":false,"footnotes":""},"categories":[27],"tags":[],"class_list":["post-6558","post","type-post","status-publish","format-standard","has-post-thumbnail","hentry","category-actualitat"],"acf":[],"_links":{"self":[{"href":"https:\/\/elementor2.ameclexdir.com\/index.php\/wp-json\/wp\/v2\/posts\/6558","targetHints":{"allow":["GET"]}}],"collection":[{"href":"https:\/\/elementor2.ameclexdir.com\/index.php\/wp-json\/wp\/v2\/posts"}],"about":[{"href":"https:\/\/elementor2.ameclexdir.com\/index.php\/wp-json\/wp\/v2\/types\/post"}],"author":[{"embeddable":true,"href":"https:\/\/elementor2.ameclexdir.com\/index.php\/wp-json\/wp\/v2\/users\/1"}],"replies":[{"embeddable":true,"href":"https:\/\/elementor2.ameclexdir.com\/index.php\/wp-json\/wp\/v2\/comments?post=6558"}],"version-history":[{"count":0,"href":"https:\/\/elementor2.ameclexdir.com\/index.php\/wp-json\/wp\/v2\/posts\/6558\/revisions"}],"wp:featuredmedia":[{"embeddable":true,"href":"https:\/\/elementor2.ameclexdir.com\/index.php\/wp-json\/wp\/v2\/media\/5069"}],"wp:attachment":[{"href":"https:\/\/elementor2.ameclexdir.com\/index.php\/wp-json\/wp\/v2\/media?parent=6558"}],"wp:term":[{"taxonomy":"category","embeddable":true,"href":"https:\/\/elementor2.ameclexdir.com\/index.php\/wp-json\/wp\/v2\/categories?post=6558"},{"taxonomy":"post_tag","embeddable":true,"href":"https:\/\/elementor2.ameclexdir.com\/index.php\/wp-json\/wp\/v2\/tags?post=6558"}],"curies":[{"name":"wp","href":"https:\/\/api.w.org\/{rel}","templated":true}]}}