{"id":6559,"date":"2021-10-14T04:36:00","date_gmt":"2021-10-14T04:36:00","guid":{"rendered":"https:\/\/wecreatedesign.co\/dev\/WP\/amec\/?p=5184"},"modified":"2021-10-14T04:36:00","modified_gmt":"2021-10-14T04:36:00","slug":"amec-urbis-promociona-les-seves-empreses-mitjancant-la-nova-plataforma-internacional-en-its-hamburg","status":"publish","type":"post","link":"https:\/\/elementor2.ameclexdir.com\/index.php\/2021\/10\/14\/amec-urbis-promociona-les-seves-empreses-mitjancant-la-nova-plataforma-internacional-en-its-hamburg\/","title":{"rendered":"amec urbis promociona les seves empreses mitjan\u00e7ant la nova plataforma internacional en ITS Hamburg"},"content":{"rendered":"<p><em><strong>amec urbis<\/strong><\/em>\u00a0est\u00e0 present aquests dies a la fira\u00a0<a href=\"https:\/\/itsworldcongress.com\/\" target=\"_blank\" rel=\"noopener\">ITS World Congress<\/a>\u00a0juntament amb ACCI\u00d3\u00a0<strong>promocionant als seus membres mitjan\u00e7ant la nova plataforma\u00a0<a href=\"https:\/\/www.smartcitiessolutions.biz\/\">Spanish Solutions for Smart Cities<\/a><\/strong>\u00a0, que reuneix\u00a0<strong>totes les empreses de el sector i les innovacions que posen a disposici\u00f3 de tot el mercat internacional.<\/strong><\/p>\n<p><em><strong>amec urbis<\/strong><\/em>\u00a0<strong>posiciona aix\u00ed aquesta plataforma en tot l&#8217;ecosistema internacional<\/strong>\u00a0en un dels seus trobades internacionals de refer\u00e8ncia. Els visitants de la sala poden comptar amb tota la informaci\u00f3 i\u00a0<strong>con\u00e8ixer els avantatges de col\u00b7laborar amb una empresa espanyola, accedint a un directori d&#8217;empreses ia casos d&#8217;\u00e8xit relacionats amb la innovaci\u00f3 que apliquen, en qu\u00e8 es destaca el valor afegit que aporta poder treballar amb elles.<\/strong>\u00a0El panell de not\u00edcies sectorials informa a m\u00e9s de totes novetats sobre les empreses de el sector.<\/p>\n<p><em><strong>amec urbis<\/strong><\/em>\u00a0est\u00e0 duent a terme el llan\u00e7ament internacional de la seva plataforma sectorial, que\u00a0<strong>estar\u00e0 present en els principals esdeveniments mundials,<\/strong>\u00a0per donar a con\u00e8ixer als fabricants espanyols m\u00e9s innovadors de solucions per a ciutats intel\u00b7ligents.<\/p>\n","protected":false},"excerpt":{"rendered":"<p>amec urbis\u00a0est\u00e0 present aquests dies a la fira\u00a0ITS World Congress\u00a0juntament amb ACCI\u00d3\u00a0promocionant als seus membres mitjan\u00e7ant la nova plataforma\u00a0Spanish Solutions for Smart Cities\u00a0, que reuneix\u00a0totes les empreses de el sector i les innovacions que posen a disposici\u00f3 de tot el mercat internacional. amec urbis\u00a0posiciona aix\u00ed aquesta plataforma en tot l&#8217;ecosistema internacional\u00a0en un dels seus trobades [&hellip;]<\/p>\n","protected":false},"author":1,"featured_media":5187,"comment_status":"open","ping_status":"open","sticky":false,"template":"","format":"standard","meta":{"inline_featured_image":false,"footnotes":""},"categories":[30],"tags":[],"class_list":["post-6559","post","type-post","status-publish","format-standard","has-post-thumbnail","hentry","category-croniques"],"acf":[],"_links":{"self":[{"href":"https:\/\/elementor2.ameclexdir.com\/index.php\/wp-json\/wp\/v2\/posts\/6559","targetHints":{"allow":["GET"]}}],"collection":[{"href":"https:\/\/elementor2.ameclexdir.com\/index.php\/wp-json\/wp\/v2\/posts"}],"about":[{"href":"https:\/\/elementor2.ameclexdir.com\/index.php\/wp-json\/wp\/v2\/types\/post"}],"author":[{"embeddable":true,"href":"https:\/\/elementor2.ameclexdir.com\/index.php\/wp-json\/wp\/v2\/users\/1"}],"replies":[{"embeddable":true,"href":"https:\/\/elementor2.ameclexdir.com\/index.php\/wp-json\/wp\/v2\/comments?post=6559"}],"version-history":[{"count":0,"href":"https:\/\/elementor2.ameclexdir.com\/index.php\/wp-json\/wp\/v2\/posts\/6559\/revisions"}],"wp:featuredmedia":[{"embeddable":true,"href":"https:\/\/elementor2.ameclexdir.com\/index.php\/wp-json\/"}],"wp:attachment":[{"href":"https:\/\/elementor2.ameclexdir.com\/index.php\/wp-json\/wp\/v2\/media?parent=6559"}],"wp:term":[{"taxonomy":"category","embeddable":true,"href":"https:\/\/elementor2.ameclexdir.com\/index.php\/wp-json\/wp\/v2\/categories?post=6559"},{"taxonomy":"post_tag","embeddable":true,"href":"https:\/\/elementor2.ameclexdir.com\/index.php\/wp-json\/wp\/v2\/tags?post=6559"}],"curies":[{"name":"wp","href":"https:\/\/api.w.org\/{rel}","templated":true}]}}