{"id":6571,"date":"2021-11-18T12:54:41","date_gmt":"2021-11-18T12:54:41","guid":{"rendered":"https:\/\/wecreatedesign.co\/dev\/WP\/amec\/?p=5072"},"modified":"2021-11-18T12:54:41","modified_gmt":"2021-11-18T12:54:41","slug":"plena-cooperacio-amb-els-principals-organismes-per-acompanyar-i-enfortir-la-industria","status":"publish","type":"post","link":"https:\/\/elementor2.ameclexdir.com\/index.php\/2021\/11\/18\/plena-cooperacio-amb-els-principals-organismes-per-acompanyar-i-enfortir-la-industria\/","title":{"rendered":"Plena cooperaci\u00f3 amb els principals organismes per acompanyar i enfortir la ind\u00fastria"},"content":{"rendered":"<p>El president d&#8217;\u00a0<em><strong>amec<\/strong><\/em>\u00a0, Pere Relats; l&#8217;assessor a la presid\u00e8ncia, Javier del R\u00edo; i el director general de l&#8217;entitat, Joan Tristany, han mantingut trobades amb els representants dels principals organismes de l&#8217;ecosistema industrial i de la internacionalitzaci\u00f3 per intercanviar quina \u00e9s la situaci\u00f3 de les empreses industrials i treballar conjuntament per facilitar-ne l&#8217;operativa. Concretament, Relats i Tristany s&#8217;han reunit aquest mes de novembre amb el president de\u00a0<strong>CESCE<\/strong>\u00a0, Fernando Salazar; el director general de\u00a0<strong>CDTI<\/strong>\u00a0, Javier Ponce; el president de\u00a0<strong>Cofides<\/strong>\u00a0, Jos\u00e9 Luis Curbelo; el president de l&#8217;\u00a0<strong>ICO<\/strong>\u00a0, Jos\u00e9 Carlos Garc\u00eda-Quevedo; i el director general d&#8217;\u00a0<strong>Ind\u00fastria i Pime del Ministeri d&#8217;Ind\u00fastria, Comer\u00e7 i Turisme<\/strong>\u00a0, Galo Guti\u00e9rrez.<\/p>\n<p>&nbsp;<\/p>\n<p><em><strong>amec<\/strong><\/em>\u00a0ha traslladat en aquestes trobades com estan operant les empreses industrials i com afronten l?escenari actual. Entre les q\u00fcestions que han tractat hi ha els problemes log\u00edstics, les dificultats d&#8217;acc\u00e9s a les primeres mat\u00e8ries i l&#8217;augment dels preus tant dels components com de l&#8217;energia.\u00a0<strong>&#8220;Hem trobat veritable inter\u00e8s a con\u00e8ixer la problem\u00e0tica de les nostres empreses, que es manegen en un entorn cada vegada m\u00e9s i m\u00e9s complex&#8221;<\/strong>\u00a0, explica el president d&#8217;\u00a0<em><strong>amec<\/strong><\/em>\u00a0, Pere Relats, que constata la voluntat d&#8217;un treball en plena cooperaci\u00f3 per facilitar a la mesura del possible l&#8217;operativa de les empreses. Aix\u00ed mateix,\u00a0<em><strong>amec<\/strong><\/em>\u00a0ha incidit en la import\u00e0ncia de posar al centre la ind\u00fastria, contribuir al seu desenvolupament i acompanyar-la en aquest moment complex, en qu\u00e8 ha quedat demostrat una vegada m\u00e9s la necessitat que el sector productiu gaudeixi de bona salut per garantir una economia s\u00f2lida i, amb aix\u00f2, el benestar del pa\u00eds.<\/p>\n","protected":false},"excerpt":{"rendered":"<p>El president d&#8217;\u00a0amec\u00a0, Pere Relats; l&#8217;assessor a la presid\u00e8ncia, Javier del R\u00edo; i el director general de l&#8217;entitat, Joan Tristany, han mantingut trobades amb els representants dels principals organismes de l&#8217;ecosistema industrial i de la internacionalitzaci\u00f3 per intercanviar quina \u00e9s la situaci\u00f3 de les empreses industrials i treballar conjuntament per facilitar-ne l&#8217;operativa. Concretament, Relats i [&hellip;]<\/p>\n","protected":false},"author":1,"featured_media":5073,"comment_status":"open","ping_status":"open","sticky":false,"template":"","format":"standard","meta":{"inline_featured_image":false,"footnotes":""},"categories":[27],"tags":[],"class_list":["post-6571","post","type-post","status-publish","format-standard","has-post-thumbnail","hentry","category-actualitat"],"acf":[],"_links":{"self":[{"href":"https:\/\/elementor2.ameclexdir.com\/index.php\/wp-json\/wp\/v2\/posts\/6571","targetHints":{"allow":["GET"]}}],"collection":[{"href":"https:\/\/elementor2.ameclexdir.com\/index.php\/wp-json\/wp\/v2\/posts"}],"about":[{"href":"https:\/\/elementor2.ameclexdir.com\/index.php\/wp-json\/wp\/v2\/types\/post"}],"author":[{"embeddable":true,"href":"https:\/\/elementor2.ameclexdir.com\/index.php\/wp-json\/wp\/v2\/users\/1"}],"replies":[{"embeddable":true,"href":"https:\/\/elementor2.ameclexdir.com\/index.php\/wp-json\/wp\/v2\/comments?post=6571"}],"version-history":[{"count":0,"href":"https:\/\/elementor2.ameclexdir.com\/index.php\/wp-json\/wp\/v2\/posts\/6571\/revisions"}],"wp:featuredmedia":[{"embeddable":true,"href":"https:\/\/elementor2.ameclexdir.com\/index.php\/wp-json\/wp\/v2\/media\/5073"}],"wp:attachment":[{"href":"https:\/\/elementor2.ameclexdir.com\/index.php\/wp-json\/wp\/v2\/media?parent=6571"}],"wp:term":[{"taxonomy":"category","embeddable":true,"href":"https:\/\/elementor2.ameclexdir.com\/index.php\/wp-json\/wp\/v2\/categories?post=6571"},{"taxonomy":"post_tag","embeddable":true,"href":"https:\/\/elementor2.ameclexdir.com\/index.php\/wp-json\/wp\/v2\/tags?post=6571"}],"curies":[{"name":"wp","href":"https:\/\/api.w.org\/{rel}","templated":true}]}}