{"id":6572,"date":"2021-11-26T12:55:31","date_gmt":"2021-11-26T12:55:31","guid":{"rendered":"https:\/\/wecreatedesign.co\/dev\/WP\/amec\/?p=5075"},"modified":"2021-11-26T12:55:31","modified_gmt":"2021-11-26T12:55:31","slug":"amec-ha-estat-reelegida-com-a-membre-del-consell-dadministracio-danima-network","status":"publish","type":"post","link":"https:\/\/elementor2.ameclexdir.com\/index.php\/2021\/11\/26\/amec-ha-estat-reelegida-com-a-membre-del-consell-dadministracio-danima-network\/","title":{"rendered":"amec ha estat reelegida com a membre del consell d&#8217;administraci\u00f3 d&#8217;ANIMA Network"},"content":{"rendered":"<div class=\"amplada-pagina descripcion\">\n<p><em><strong><img fetchpriority=\"high\" decoding=\"async\" src=\"http:\/\/wecreatedesign.co\/dev\/WP\/amec\/wp-content\/uploads\/2023\/03\/reeleccion-anima-redim-w500-h476.jpg\" alt=\"reeleccion-ANIMA.jpg\" width=\"500\" height=\"476\" \/>amec<\/strong><\/em>\u00a0ha estat\u00a0<strong>reelegida com a membre del consell d&#8217;administraci\u00f3 d&#8217;\u00a0<a href=\"https:\/\/anima.coop\/en\/\" target=\"_blank\" rel=\"noopener\">ANIMA Network<\/a><\/strong>\u00a0, en el transcurs de la primera trobada presencial, que ha tingut lloc aquest mes de novembre a Marsella, despr\u00e9s de l&#8217;esclat de la pand\u00e8mia el mar\u00e7 de 2020. Fins ara, a l&#8217;\u00faltim any i mig totes les trobades s&#8217;havien hagut de celebrar de manera virtual.<\/p>\n<p>&nbsp;<\/p>\n<p>El subdirector d&#8217;\u00a0<em><strong>amec<\/strong><\/em>\u00a0<strong>\u00d3scar Puig<\/strong>\u00a0ocupa el lloc d&#8217;administrador d&#8217;aquesta plataforma per a la cooperaci\u00f3 econ\u00f2mica entre Europa, l&#8217;Orient Mitj\u00e0 i l&#8217;\u00c0frica, i de la qual forma part la comunitat de les empreses industrials internacionalitzades. La xarxa ANIMA reuneix un total de 70 membres de 20 pa\u00efsos d&#8217;Europa, l&#8217;Orient Mitj\u00e0 i l&#8217;\u00c0frica: ag\u00e8ncies governamentals i territorials de desenvolupament econ\u00f2mic i inversi\u00f3, xarxes empresarials, de finan\u00e7ament i innovaci\u00f3. A trav\u00e9s de la participaci\u00f3 a ANIMA,\u00a0<em><strong>amec<\/strong><\/em>\u00a0<strong>i les seves empreses industrials membre disposen d&#8217;una important xarxa de contactes relacionats amb la ind\u00fastria i el comer\u00e7 en aquestes regions<\/strong>\u00a0.<\/p>\n<p>&nbsp;<\/p>\n<p>ANIMA implementa iniciatives per\u00a0<strong>desenvolupar ecosistemes d&#8217;inversi\u00f3 i negocis que afavoreixin una economia atractiva, sostenible i inclusiva<\/strong>\u00a0. Des del 2017, ANIMA i els seus socis han federat una comunitat d&#8217;entitats innovadores i centres tecnol\u00f2gics al voltant de la Mediterr\u00e0nia amb l&#8217;ambici\u00f3 de contribuir a fer front als desafiaments d&#8217;aquesta regi\u00f3. Els reptes principals que afronta s\u00f3n els de mitigar el canvi clim\u00e0tic, lluitar contra els desequilibris socials i territorials, donar suport a l&#8217;auge de la tecnologia i crear els llocs de treball del dem\u00e0. En definitiva, fomentar una economia pr\u00f2spera i avan\u00e7ada a la Mediterr\u00e0nia.<\/p>\n<\/div>\n","protected":false},"excerpt":{"rendered":"<p>amec\u00a0ha estat\u00a0reelegida com a membre del consell d&#8217;administraci\u00f3 d&#8217;\u00a0ANIMA Network\u00a0, en el transcurs de la primera trobada presencial, que ha tingut lloc aquest mes de novembre a Marsella, despr\u00e9s de l&#8217;esclat de la pand\u00e8mia el mar\u00e7 de 2020. Fins ara, a l&#8217;\u00faltim any i mig totes les trobades s&#8217;havien hagut de celebrar de manera virtual. [&hellip;]<\/p>\n","protected":false},"author":1,"featured_media":5076,"comment_status":"open","ping_status":"open","sticky":false,"template":"","format":"standard","meta":{"inline_featured_image":false,"footnotes":""},"categories":[27],"tags":[],"class_list":["post-6572","post","type-post","status-publish","format-standard","has-post-thumbnail","hentry","category-actualitat"],"acf":[],"_links":{"self":[{"href":"https:\/\/elementor2.ameclexdir.com\/index.php\/wp-json\/wp\/v2\/posts\/6572","targetHints":{"allow":["GET"]}}],"collection":[{"href":"https:\/\/elementor2.ameclexdir.com\/index.php\/wp-json\/wp\/v2\/posts"}],"about":[{"href":"https:\/\/elementor2.ameclexdir.com\/index.php\/wp-json\/wp\/v2\/types\/post"}],"author":[{"embeddable":true,"href":"https:\/\/elementor2.ameclexdir.com\/index.php\/wp-json\/wp\/v2\/users\/1"}],"replies":[{"embeddable":true,"href":"https:\/\/elementor2.ameclexdir.com\/index.php\/wp-json\/wp\/v2\/comments?post=6572"}],"version-history":[{"count":0,"href":"https:\/\/elementor2.ameclexdir.com\/index.php\/wp-json\/wp\/v2\/posts\/6572\/revisions"}],"wp:featuredmedia":[{"embeddable":true,"href":"https:\/\/elementor2.ameclexdir.com\/index.php\/wp-json\/wp\/v2\/media\/5076"}],"wp:attachment":[{"href":"https:\/\/elementor2.ameclexdir.com\/index.php\/wp-json\/wp\/v2\/media?parent=6572"}],"wp:term":[{"taxonomy":"category","embeddable":true,"href":"https:\/\/elementor2.ameclexdir.com\/index.php\/wp-json\/wp\/v2\/categories?post=6572"},{"taxonomy":"post_tag","embeddable":true,"href":"https:\/\/elementor2.ameclexdir.com\/index.php\/wp-json\/wp\/v2\/tags?post=6572"}],"curies":[{"name":"wp","href":"https:\/\/api.w.org\/{rel}","templated":true}]}}