{"id":6579,"date":"2021-11-24T09:10:53","date_gmt":"2021-11-24T09:10:53","guid":{"rendered":"https:\/\/wecreatedesign.co\/dev\/WP\/amec\/?p=5673"},"modified":"2021-11-24T09:10:53","modified_gmt":"2021-11-24T09:10:53","slug":"les-empreses-fabricants-dequipaments-per-a-bany-cuina-i-hvac-comparteixen-la-seva-situacio-i-les-noves-oportunitats-a-la-cita-anual-del-sector","status":"publish","type":"post","link":"https:\/\/elementor2.ameclexdir.com\/index.php\/2021\/11\/24\/les-empreses-fabricants-dequipaments-per-a-bany-cuina-i-hvac-comparteixen-la-seva-situacio-i-les-noves-oportunitats-a-la-cita-anual-del-sector\/","title":{"rendered":"Les empreses fabricants d&#8217;equipaments per a bany, cuina i HVAC comparteixen la seva situaci\u00f3 i les noves oportunitats a la cita anual del sector"},"content":{"rendered":"<ul>\n<li><strong>El sector del bany nota aquest any un cert un augment de la competitivitat de les empreses respecte de les que s&#8217;havien deslocalitzat a destins m\u00e9s llunyans, que cal veure si es mantindr\u00e0.<\/strong><\/li>\n<li><strong>Les dificultats experimentades a la cadena de subministraments fomenten l&#8217;economia circular per reduir depend\u00e8ncia de les mat\u00e8ries primeres.<\/strong><\/li>\n<li><strong>Els grans experts del canal contract n\u00e0utic expliquen on es troben les grans oportunitats d&#8217;aquest sector en creixement i com han d&#8217;entrar les empreses industrials en aquest mercat.<\/strong><\/li>\n<\/ul>\n<p>&nbsp;<\/p>\n<p><strong>Barcelona, 24 de novembre de 2021.<\/strong>\u00a0Les empreses fabricants d&#8217;equipaments per a bany, cuina i HVAC s&#8217;han reunit a la celebraci\u00f3 de la\u00a0<strong>Jornada del Sector<\/strong>\u00a0, la cita anual de refer\u00e8ncia organitzada per\u00a0<strong><em>amec ascon<\/em><\/strong>\u00a0, on s&#8217;ha donat a con\u00e8ixer la situaci\u00f3 actual i futura del sector, i con\u00e8ixer noves oportunitats, com les que brinda el canal contract n\u00e0utic, una ind\u00fastria que a partir de la pand\u00e8mia est\u00e0 experimentant un creixement important.<\/p>\n<p>&nbsp;<\/p>\n<p>El president d&#8217;\u00a0<strong><em>amec ascon<\/em><\/strong>\u00a0i de Genebre, Miquel Paris, veu el sector d&#8217;equipaments per a bany, cuina i HVAC en ple\u00a0<strong>creixement i evoluci\u00f3<\/strong>\u00a0. El boom de les reformes que s&#8217;ha produ\u00eft despr\u00e9s de la pand\u00e8mia, pel fet que les fam\u00edlies valoren m\u00e9s l&#8217;habitatge com a espai de conviv\u00e8ncia,\u00a0<strong>\u201cha dinamitzat un sector, que ha aconseguit el pic de creixement, despr\u00e9s del qual es continuar\u00e0 cap a una normalitzaci\u00f3, per\u00f2 no caiguda\u201d<\/strong>\u00a0, ha detallat per part seva el responsable d&#8217;\u00a0<strong><em>amec ascon<\/em><\/strong>\u00a0, Aleix Serrallonga. Aix\u00ed, el mercat europeu, el m\u00e9s important ja que representa gaireb\u00e9 el 60% de les exportacions, ha crescut un 30% fins al setembre respecte del 2020. Durant la jornada s&#8217;ha repassat l&#8217;evoluci\u00f3 dels diferents mercats i quins subsectors han experimentat millor i pitjor comportament.<\/p>\n<p>&nbsp;<\/p>\n<p>Aquest augment de l&#8217;activitat, per\u00f2, ha anat acompanyat d&#8217;una caiguda dels marges, a causa de l&#8217;augment de preus de mat\u00e8ries primeres i de les dificultats d&#8217;aprovisionament, transport i log\u00edstica. En aquest sentit, el responsable d&#8217;\u00a0<strong><em>amec ascon<\/em><\/strong>\u00a0, Aleix Serrallonga, ha desgranat les principals caracter\u00edstiques, oportunitats i barreres en l&#8217;aprovisionament que s&#8217;han trobat aquests darrers mesos les empreses.<\/p>\n<p>&nbsp;<\/p>\n<p>Aquesta situaci\u00f3 ha motivat, per una banda,\u00a0<strong>\u201cla detecci\u00f3 d&#8217;un augment de la competitivitat de les empreses respecte de les que s&#8217;havien deslocalitzat a destins m\u00e9s llunyans, que cal veure si es mantindr\u00e0 o tornarem a la situaci\u00f3 anterior\u201d<\/strong>\u00a0. Alhora, les dificultats experimentades a la cadena de subministraments han fomentat l&#8217;economia circular per reduir depend\u00e8ncia de les mat\u00e8ries primeres, tal com ha comentat Serrallonga.<\/p>\n<p>&nbsp;<\/p>\n<p>El proper any\u00a0<strong>\u201ces preveu que estigui marcat per la incertesa\u201d<\/strong>\u00a0, ha explicat Serrallonga, que ha incidit en la necessitat que la ind\u00fastria segueixi invertint en digitalitzaci\u00f3 i innovaci\u00f3, per la qual cosa les empreses poden recolzar-se en les subvencions i ajudes p\u00fabliques. Davant el gran volum d&#8217;informaci\u00f3 sobre les ajudes i la manca de coneixement sobre com aprofitar-les de la millor forma, \u201c\u00a0<strong><em>amec<\/em><\/strong>\u00a0<strong>duu a terme un extens treball de separar el gra de la palla. Seguirem ajudant a les empreses proporcionant-vos aquelles que m\u00e9s s&#8217;adapten a les vostres caracter\u00edstiques perqu\u00e8 accediu a elles i us facilitin la vostra innovaci\u00f3\u201d<\/strong>\u00a0.<\/p>\n<p><strong>\u00a0<\/strong><\/p>\n<p>Durant la jornada, el president d&#8217;\u00a0<strong><em>amec ascon<\/em><\/strong>\u00a0ha presentat aix\u00ed mateix les noves incorporacions a l&#8217;agrupaci\u00f3:\u00a0<strong>Duplach<\/strong>\u00a0, una empresa fundada el 2010 a C\u00f2rdova (Andalusia) fabricant de plats de dutxa, mobiliari de bany, miralls, panells i accessoris;\u00a0<strong>Gatell<\/strong>\u00a0(Barcelona, Catalunya), nascuda el 1942 i dedicada a la fabricaci\u00f3 de bateries per a comptadors d&#8217;aigua i els seus accessoris de fontaneria; i\u00a0<strong>Estil Gur\u00fa<\/strong>\u00a0(Ontinyent, Comunitat Valenciana), fabricant i comercialitzadora de productes per a la impermeabilitzaci\u00f3 i materials de construcci\u00f3, especialment per a piscines, cobertes, teulades, banys i interiors.<\/p>\n<p>&nbsp;<\/p>\n<p><strong>Grans oportunitats al sector contract n\u00e0utic<\/strong><\/p>\n<p><strong>\u00a0<\/strong><\/p>\n<p>Les empreses s&#8217;han mostrat especialment interessades en les noves oportunitats que presenta el sector contract n\u00e0utic, despr\u00e9s de les intervencions de dos grans experts com ara\u00a0<strong>Marcelo Penna<\/strong>\u00a0, arquitecte naval i CEO de Marcelo Penna Group; i\u00a0<strong>Sergi Tena<\/strong>\u00a0, director de Producci\u00f3 a De Antonio Yachts. Penna i Tena han explicat quins productes interessen, com s&#8217;han de presentar les empreses en aquest mercat, quines caracter\u00edstiques han de tenir aquests productes per respondre a les demandes d&#8217;aquest canal i com arribar a aquests clients nous. Les empreses industrials han considerat molt rellevant aquest mercat i han valorat especialment tota aquesta informaci\u00f3, han fet nombroses preguntes espec\u00edfiques i en alguns casos han aprofitat per presentar les seves empreses a aquests dos operadors importants.<\/p>\n<p><strong><em>\u00a0<\/em><\/strong><\/p>\n<p><strong><em>amec<\/em><\/strong>\u00a0<strong>impulsa els nous factors clau de competitivitat a les empreses<\/strong><\/p>\n<p>La comunitat de les empreses industrials internacionalitzades\u00a0<strong><em>amec<\/em><\/strong>\u00a0impulsa els\u00a0<a href=\"https:\/\/www.youtube.com\/watch?v=SDztjgsQdBk&amp;feature=youtu.be\">nous factors clau de competitivitat a les empreses a Espanya<\/a>\u00a0:\u00a0<strong>anticipaci\u00f3, adaptabilitat, col\u00b7laboraci\u00f3, glocalitzaci\u00f3 i sostenibilitat<\/strong>\u00a0. Les empreses que formen part d&#8217;\u00a0<strong><em>amec<\/em><\/strong>\u00a0generen un volum d&#8217;exportaci\u00f3 superior als 6.200 milions d&#8217;euros, exporten de mitjana el 53,6% de la facturaci\u00f3 i inverteixen el 3,9% en innovaci\u00f3.<\/p>\n<p>&nbsp;<\/p>\n<p><strong>Per a m\u00e9s informaci\u00f3 i entrevistes:<\/strong><\/p>\n<p>Gl\u00f2ria Ayuso<\/p>\n<p>Gl\u00f2ria.ayuso@ga-binet.com<\/p>\n<p>Tel. 654 60 95 18<\/p>\n","protected":false},"excerpt":{"rendered":"<p>El sector del bany nota aquest any un cert un augment de la competitivitat de les empreses respecte de les que s&#8217;havien deslocalitzat a destins m\u00e9s llunyans, que cal veure si es mantindr\u00e0. Les dificultats experimentades a la cadena de subministraments fomenten l&#8217;economia circular per reduir depend\u00e8ncia de les mat\u00e8ries primeres. Els grans experts del [&hellip;]<\/p>\n","protected":false},"author":1,"featured_media":0,"comment_status":"open","ping_status":"open","sticky":false,"template":"","format":"standard","meta":{"inline_featured_image":false,"footnotes":""},"categories":[28],"tags":[],"class_list":["post-6579","post","type-post","status-publish","format-standard","hentry","category-notes-de-premsa"],"acf":[],"_links":{"self":[{"href":"https:\/\/elementor2.ameclexdir.com\/index.php\/wp-json\/wp\/v2\/posts\/6579","targetHints":{"allow":["GET"]}}],"collection":[{"href":"https:\/\/elementor2.ameclexdir.com\/index.php\/wp-json\/wp\/v2\/posts"}],"about":[{"href":"https:\/\/elementor2.ameclexdir.com\/index.php\/wp-json\/wp\/v2\/types\/post"}],"author":[{"embeddable":true,"href":"https:\/\/elementor2.ameclexdir.com\/index.php\/wp-json\/wp\/v2\/users\/1"}],"replies":[{"embeddable":true,"href":"https:\/\/elementor2.ameclexdir.com\/index.php\/wp-json\/wp\/v2\/comments?post=6579"}],"version-history":[{"count":0,"href":"https:\/\/elementor2.ameclexdir.com\/index.php\/wp-json\/wp\/v2\/posts\/6579\/revisions"}],"wp:attachment":[{"href":"https:\/\/elementor2.ameclexdir.com\/index.php\/wp-json\/wp\/v2\/media?parent=6579"}],"wp:term":[{"taxonomy":"category","embeddable":true,"href":"https:\/\/elementor2.ameclexdir.com\/index.php\/wp-json\/wp\/v2\/categories?post=6579"},{"taxonomy":"post_tag","embeddable":true,"href":"https:\/\/elementor2.ameclexdir.com\/index.php\/wp-json\/wp\/v2\/tags?post=6579"}],"curies":[{"name":"wp","href":"https:\/\/api.w.org\/{rel}","templated":true}]}}