{"id":6594,"date":"2021-12-15T04:21:16","date_gmt":"2021-12-15T04:21:16","guid":{"rendered":"https:\/\/wecreatedesign.co\/dev\/WP\/amec\/?p=5116"},"modified":"2021-12-15T04:21:16","modified_gmt":"2021-12-15T04:21:16","slug":"amec-aprofundeix-la-politica-industrial-del-govern-basc-i-els-agents-de-lecosistema-industrial","status":"publish","type":"post","link":"https:\/\/elementor2.ameclexdir.com\/index.php\/2021\/12\/15\/amec-aprofundeix-la-politica-industrial-del-govern-basc-i-els-agents-de-lecosistema-industrial\/","title":{"rendered":"amec aprofundeix la pol\u00edtica industrial del Govern Basc i els agents de l&#8217;ecosistema industrial"},"content":{"rendered":"<div class=\"portletDetailNoticies\">\n<div class=\"amplada-pagina descripcion\">\n<p>El subdirector d&#8217;\u00a0<em><strong>amec<\/strong><\/em>\u00a0, Diego Guri, s&#8217;ha reunit amb el Govern Basc i els principals agents de l&#8217;ecosistema industrial per intercanviar impressions sobre les pol\u00edtiques industrials a la comunitat, i que poden ser un model a seguir per tal d&#8217;enfortir el teixit productiu a tot l&#8217;Estat.\u00a0<strong>\u201cEl Govern Basc destaca per la seva pol\u00edtica decidida a favor de la ind\u00fastria, que mant\u00e9 des de fa m\u00e9s de 40 anys, i que ha estat clau per erigir una comunitat pr\u00f2spera\u201d<\/strong>\u00a0, indica Guri.<\/p>\n<p><img fetchpriority=\"high\" decoding=\"async\" src=\"http:\/\/wecreatedesign.co\/dev\/WP\/amec\/wp-content\/uploads\/2023\/03\/tecnalia-2-redim-w500-h396.jpg\" alt=\"tecnalia.JPG\" width=\"500\" height=\"396\" \/>El subdirector d&#8217;\u00a0<em><strong>amec<\/strong><\/em>\u00a0s&#8217;ha reunit amb el\u00a0<strong>viceconseller d&#8217;Ind\u00fastria<\/strong>\u00a0del Govern Basc,\u00a0<strong>Mikel Amundarain<\/strong>\u00a0; el vicepresident de mercats del centre de recerca i desenvolupament\u00a0<strong>Tecnalia<\/strong>\u00a0,\u00a0<strong>Agust\u00edn J. Saenz<\/strong>\u00a0; i\u00a0<strong>Cristina Oy\u00f3n<\/strong>\u00a0, directora de l&#8217;\u00e0rea de Tecnologia, Innovaci\u00f3 i Sostenibilitat del\u00a0<strong>Grup SPRI<\/strong>\u00a0, organisme que assisteix el Govern Basc en el disseny i implementaci\u00f3 d&#8217;estrat\u00e8gies i instruments per donar suport a la R+D+i a la ind\u00fastria basca, aix\u00ed com amb Ainhoa Ondarz\u00e1bal , Consellera Delegada de Basque Trade &amp; Investment, ag\u00e8ncia basca d&#8217;internacionalitzaci\u00f3. Despr\u00e9s d&#8217;aquests contactes,\u00a0<strong>\u201chem vist com al Pa\u00eds Basc s&#8217;est\u00e0 treballant especialment en incrementar la dimensi\u00f3 de les empreses, promoure que facin una inversi\u00f3 m\u00e9s gran en R+D i en fomentar la col\u00b7laboraci\u00f3 entre elles\u201d<\/strong>\u00a0, explica.<\/p>\n<p>&nbsp;<\/p>\n<p>El subdirector d&#8217;\u00a0<em><strong>amec<\/strong><\/em>\u00a0s&#8217;ha reunit amb el\u00a0<strong>viceconseller d&#8217;Ind\u00fastria<\/strong>\u00a0del Govern Basc,\u00a0<strong>Mikel Amundarain<\/strong>\u00a0; el vicepresident de mercats del centre de recerca i desenvolupament\u00a0<strong>Tecnalia<\/strong>\u00a0,\u00a0<strong>Agust\u00edn J. Saenz<\/strong>\u00a0; i\u00a0<strong>Cristina Oy\u00f3n<\/strong>\u00a0, directora de l&#8217;\u00e0rea de Tecnologia, Innovaci\u00f3 i Sostenibilitat del\u00a0<strong>Grup SPRI<\/strong>\u00a0, organisme que assisteix el Govern Basc en el disseny i implementaci\u00f3 d&#8217;estrat\u00e8gies i instruments per donar suport a la R+D+i a la ind\u00fastria basca. Despr\u00e9s d&#8217;aquests contactes,\u00a0<strong>\u201chem vist com al Pa\u00eds Basc s&#8217;est\u00e0 treballant especialment en incrementar la dimensi\u00f3 de les empreses, promoure que facin una inversi\u00f3 m\u00e9s gran en R+D i en fomentar la col\u00b7laboraci\u00f3 entre elles\u201d<\/strong>\u00a0, explica.<\/p>\n<p>&nbsp;<\/p>\n<p>Guri tamb\u00e9 ha visitat el centre de Formaci\u00f3 Professional\u00a0<strong>IMH<\/strong>\u00a0a Elgoibar, i ha mantingut una trobada amb el director general del\u00a0<strong>cl\u00faster de fabricants AFM<\/strong>\u00a0,\u00a0<strong>Xabier Ortueta<\/strong>\u00a0.<\/p>\n<p>&nbsp;<\/p>\n<p>El Pa\u00eds Basc compta amb una base industrial s\u00f2lida, un sector que representa el 24,2% del PIB. El Parlament ha aprovat el\u00a0<strong>Pla de Desenvolupament Industrial i Internacionalitzaci\u00f3 2021-2024<\/strong>\u00a0, que compta amb un pressupost global de\u00a0<strong>4.106 milions<\/strong>\u00a0, 1.642 dels quals s&#8217;invertiran aquest mateix any. El pla t\u00e9 com a objectiu que la\u00a0<strong>ind\u00fastria i els serveis avan\u00e7ats assoleixin al Pa\u00eds Basc un pes del 40% del PIB<\/strong>\u00a0.\u00a0<strong>&#8220;En aquesta aposta clarament decidida del Govern en el seu suport a la ind\u00fastria veiem com, efectivament, s&#8217;est\u00e0 complint el comprom\u00eds d&#8217;incrementar anualment un 6% els recursos destinats a la innovaci\u00f3 industrial&#8221;<\/strong>\u00a0, incideix el subdirector d&#8217;\u00a0<strong><em>amec<\/em><\/strong>\u00a0. Amb una dotaci\u00f3 de 200M\u20ac dedicats a la innovaci\u00f3 industrial aquest any, aquests recursos ja suposen un 1,5% del total del pressupost del Govern Basc.<\/p>\n<p>&nbsp;<\/p>\n<p>Gr\u00e0cies al coneixement de la realitat industrial a tot l&#8217;Estat,\u00a0<em><strong>amec<\/strong><\/em>\u00a0s&#8217;erigeix com a interlocutor i realitza propostes al Govern central i administracions auton\u00f2miques per aconseguir que la ind\u00fastria ocupi un lloc central i permeti el seu paper com a garant d&#8217;un bon desenvolupament econ\u00f2mic i social. En aquest cas, aquest intercanvi i contacte amb els principals agents bascos tamb\u00e9 permet\u00a0<em><strong>oferir amec<\/strong><\/em>\u00a0millors serveis als seus membres instal\u00b7lats al Pa\u00eds Basc.<\/p>\n<\/div>\n<\/div>\n<div class=\"registre-accions amplada-pagina\">\n<div class=\"addthis_inline_share_toolbox\" style=\"margin: 0px; padding: 0px; border: 0px; outline: 0px; font-weight: inherit; font-style: inherit; clear: both;\" data-url=\"https:\/\/www.amec.es\/ca\/pl14\/amecnews\/noticies\/id853\/amec-profundiza-en-la-politica-industrial-con-los-responsables-del-gobierno-vasco-y-los-agentes-del-ecosistema-industrial.htm?fcat_14=558\" data-title=\"&lt;em&gt;amec&lt;\/em&gt; aprofundeix la pol\u00edtica industrial del Govern Basc i els agents de l'ecosistema industrial\" data-description=\"El subdirector d' amec , Diego Guri, s'ha reunit amb el Govern Basc i els principals agents de l'ecosistema industrial per intercanviar impressions sobre les pol\u00edtiques industrials a la comunitat, i que poden ser un model a seguir per tal d'enfortir el teixit productiu a tot l'Estat. \u201cEl Govern Basc destaca per la seva pol\u00edtica decidida a favor de la ind\u00fastria, que mant\u00e9 des de fa m\u00e9s de 40 anys, i que ha estat clau per erigir una comunitat pr\u00f2spera\u201d , indica Guri. El subdirector d' amec...\">\n<div id=\"atstbx\" class=\"at-resp-share-element at-style-responsive addthis-smartlayers addthis-animated at4-show\" role=\"region\" aria-labelledby=\"at-4b5b92fd-e29b-43a8-8092-e7fb5fb16733\">\n<p>&nbsp;<\/p>\n<div class=\"at-share-btn-elements\"><\/div>\n<\/div>\n<\/div>\n<\/div>\n","protected":false},"excerpt":{"rendered":"<p>El subdirector d&#8217;\u00a0amec\u00a0, Diego Guri, s&#8217;ha reunit amb el Govern Basc i els principals agents de l&#8217;ecosistema industrial per intercanviar impressions sobre les pol\u00edtiques industrials a la comunitat, i que poden ser un model a seguir per tal d&#8217;enfortir el teixit productiu a tot l&#8217;Estat.\u00a0\u201cEl Govern Basc destaca per la seva pol\u00edtica decidida a favor [&hellip;]<\/p>\n","protected":false},"author":1,"featured_media":5117,"comment_status":"open","ping_status":"open","sticky":false,"template":"","format":"standard","meta":{"inline_featured_image":false,"footnotes":""},"categories":[27],"tags":[],"class_list":["post-6594","post","type-post","status-publish","format-standard","has-post-thumbnail","hentry","category-actualitat"],"acf":[],"_links":{"self":[{"href":"https:\/\/elementor2.ameclexdir.com\/index.php\/wp-json\/wp\/v2\/posts\/6594","targetHints":{"allow":["GET"]}}],"collection":[{"href":"https:\/\/elementor2.ameclexdir.com\/index.php\/wp-json\/wp\/v2\/posts"}],"about":[{"href":"https:\/\/elementor2.ameclexdir.com\/index.php\/wp-json\/wp\/v2\/types\/post"}],"author":[{"embeddable":true,"href":"https:\/\/elementor2.ameclexdir.com\/index.php\/wp-json\/wp\/v2\/users\/1"}],"replies":[{"embeddable":true,"href":"https:\/\/elementor2.ameclexdir.com\/index.php\/wp-json\/wp\/v2\/comments?post=6594"}],"version-history":[{"count":0,"href":"https:\/\/elementor2.ameclexdir.com\/index.php\/wp-json\/wp\/v2\/posts\/6594\/revisions"}],"wp:featuredmedia":[{"embeddable":true,"href":"https:\/\/elementor2.ameclexdir.com\/index.php\/wp-json\/wp\/v2\/media\/5117"}],"wp:attachment":[{"href":"https:\/\/elementor2.ameclexdir.com\/index.php\/wp-json\/wp\/v2\/media?parent=6594"}],"wp:term":[{"taxonomy":"category","embeddable":true,"href":"https:\/\/elementor2.ameclexdir.com\/index.php\/wp-json\/wp\/v2\/categories?post=6594"},{"taxonomy":"post_tag","embeddable":true,"href":"https:\/\/elementor2.ameclexdir.com\/index.php\/wp-json\/wp\/v2\/tags?post=6594"}],"curies":[{"name":"wp","href":"https:\/\/api.w.org\/{rel}","templated":true}]}}