{"id":6596,"date":"2022-01-25T04:22:34","date_gmt":"2022-01-25T04:22:34","guid":{"rendered":"https:\/\/wecreatedesign.co\/dev\/WP\/amec\/?p=5124"},"modified":"2022-01-25T04:22:34","modified_gmt":"2022-01-25T04:22:34","slug":"amec-i-bankinter-signen-un-acord-de-partenariat-per-a-la-prestacio-a-les-empreses-industrials-de-serveis-de-financament-i-acces-als-ajuts-publics","status":"publish","type":"post","link":"https:\/\/elementor2.ameclexdir.com\/index.php\/2022\/01\/25\/amec-i-bankinter-signen-un-acord-de-partenariat-per-a-la-prestacio-a-les-empreses-industrials-de-serveis-de-financament-i-acces-als-ajuts-publics\/","title":{"rendered":"amec i Bankinter signen un acord de partenariat per a la prestaci\u00f3 a les empreses industrials de serveis de finan\u00e7ament i acc\u00e9s als ajuts p\u00fablics"},"content":{"rendered":"<div class=\"amplada-pagina descripcion\">\n<p><em><strong><img fetchpriority=\"high\" decoding=\"async\" src=\"http:\/\/wecreatedesign.co\/dev\/WP\/amec\/wp-content\/uploads\/2023\/03\/acuerdo-amec-bankinter-2-redim-prop66-enc-w480-h320-1.jpg\" alt=\"acord-amec-bankinter-2.jpg\" width=\"400\" height=\"533\" \/>amec<\/strong><\/em>\u00a0i\u00a0<strong>Bankinter<\/strong>\u00a0han signat un acord de partenariat per refor\u00e7ar encara m\u00e9s la tasca d&#8217;acompanyament que\u00a0<em><strong>amec<\/strong><\/em>\u00a0est\u00e0 realitzant a les empreses industrials per emprendre nous projectes i assolir tot el finan\u00e7ament necessari, recolzant-se en els ajuts p\u00fablics que s&#8217;estan concedint a trav\u00e9s, entre d&#8217;altres moltes l\u00ednies, dels\u00a0<strong>Fons Next Generation EU<\/strong>\u00a0.<\/p>\n<p>&nbsp;<\/p>\n<p>D&#8217;aquesta manera,\u00a0<strong><em>amec<\/em><\/strong>\u00a0inclou Bankinter com a partner de refer\u00e8ncia, sense car\u00e0cter exclusiu, per a la\u00a0<strong>prestaci\u00f3 de serveis de finan\u00e7ament a les empreses<\/strong>\u00a0que formen part de la comunitat. L&#8217;acord permetr\u00e0 a les empreses que s&#8217;adhereixin a aquest marc beneficiar-se del servei amb qu\u00e8 compta el banc per a la captaci\u00f3 i execuci\u00f3 de fons europeus assegurant la materialitzaci\u00f3 de tots els seus projectes, ja que\u00a0<strong>l&#8217;entitat podr\u00e0 finan\u00e7ar les operacions lligades als fons amb el finan\u00e7ament complementari que sigui necessari i no hagi estat cobert pels fons<\/strong>\u00a0.<\/p>\n<p>&nbsp;<\/p>\n<p>L&#8217;acord tamb\u00e9 preveu que Bankinter i\u00a0<em><strong>Amec<\/strong><\/em>\u00a0es podran coordinar per desenvolupar actuacions conjuntes que puguin impulsar projectes empresarials dels membres de la comunitat industrial. El subdirector general de Bankinter i Director de l&#8217;Organitzaci\u00f3 Territorial de Catalunya,\u00a0<strong>Eduard Gallart<\/strong>\u00a0, i el Director General d&#8217;\u00a0<em><strong>amec<\/strong><\/em>\u00a0,\u00a0<strong>Joan Tristany<\/strong>\u00a0, han rubricat l&#8217;acord a la seu d&#8217;\u00a0<em><strong>amec<\/strong><\/em>\u00a0. Gallart ha afirmat que\u00a0<strong>\u201camb aquest acord de col\u00b7laboraci\u00f3 busquem donar un impuls a les empreses amb activitat internacional amb la finalitat de contribuir que avancin de forma m\u00e9s r\u00e0pida en la conjuntura econ\u00f2mica actual, alhora que els facilitem suport en la captaci\u00f3 de fons europeus \u201d<\/strong>\u00a0. Aix\u00ed mateix, ha recordat que\u00a0<strong>&#8220;les companyies tenen a Bankinter un soci financer que les acompanyar\u00e0 en les decisions d\u02bbinversi\u00f3&#8221;<\/strong>\u00a0.<\/p>\n<p>&nbsp;<\/p>\n<p>Per la seva banda, el director general d&#8217;\u00a0<em><strong>amec<\/strong><\/em>\u00a0, Joan Tristany, ha assenyalat que\u00a0<a href=\"https:\/\/www.amec.es\/es\/competitividad.htm\" target=\"_blank\" rel=\"noopener\">l&#8217;entitat treballa colze a colze amb les empreses perqu\u00e8 puguin adoptar els nous factors clau de competitivitat -anticipaci\u00f3, adaptabilitat, col\u00b7laboraci\u00f3, glocalitzaci\u00f3 i sostenibilitat-<\/a>\u00a0, per a aix\u00f2 considera imprescindible col\u00b7laborar amb tot l&#8217;ecosistema i els seus principals agents, com \u00e9s el cas de Bankinter.<\/p>\n<p>&nbsp;<\/p>\n<p>Bankinter \u00e9s el quart banc espanyol per valor a borsa i el sis\u00e8 en mida, amb uns actius que, al tancament del setembre, se situen en 102.400 milions d&#8217;euros. L?entitat compta amb un volum acumulat de finan\u00e7ament a empreses a Espanya de 27.600 milions. Bankinter \u00e9s un banc amb una llarga traject\u00f2ria de suport al sector empresarial a Catalunya.<\/p>\n<\/div>\n","protected":false},"excerpt":{"rendered":"<p>amec\u00a0i\u00a0Bankinter\u00a0han signat un acord de partenariat per refor\u00e7ar encara m\u00e9s la tasca d&#8217;acompanyament que\u00a0amec\u00a0est\u00e0 realitzant a les empreses industrials per emprendre nous projectes i assolir tot el finan\u00e7ament necessari, recolzant-se en els ajuts p\u00fablics que s&#8217;estan concedint a trav\u00e9s, entre d&#8217;altres moltes l\u00ednies, dels\u00a0Fons Next Generation EU\u00a0. &nbsp; D&#8217;aquesta manera,\u00a0amec\u00a0inclou Bankinter com a partner de [&hellip;]<\/p>\n","protected":false},"author":1,"featured_media":5125,"comment_status":"open","ping_status":"open","sticky":false,"template":"","format":"standard","meta":{"inline_featured_image":false,"footnotes":""},"categories":[27],"tags":[],"class_list":["post-6596","post","type-post","status-publish","format-standard","has-post-thumbnail","hentry","category-actualitat"],"acf":[],"_links":{"self":[{"href":"https:\/\/elementor2.ameclexdir.com\/index.php\/wp-json\/wp\/v2\/posts\/6596","targetHints":{"allow":["GET"]}}],"collection":[{"href":"https:\/\/elementor2.ameclexdir.com\/index.php\/wp-json\/wp\/v2\/posts"}],"about":[{"href":"https:\/\/elementor2.ameclexdir.com\/index.php\/wp-json\/wp\/v2\/types\/post"}],"author":[{"embeddable":true,"href":"https:\/\/elementor2.ameclexdir.com\/index.php\/wp-json\/wp\/v2\/users\/1"}],"replies":[{"embeddable":true,"href":"https:\/\/elementor2.ameclexdir.com\/index.php\/wp-json\/wp\/v2\/comments?post=6596"}],"version-history":[{"count":0,"href":"https:\/\/elementor2.ameclexdir.com\/index.php\/wp-json\/wp\/v2\/posts\/6596\/revisions"}],"wp:featuredmedia":[{"embeddable":true,"href":"https:\/\/elementor2.ameclexdir.com\/index.php\/wp-json\/wp\/v2\/media\/5125"}],"wp:attachment":[{"href":"https:\/\/elementor2.ameclexdir.com\/index.php\/wp-json\/wp\/v2\/media?parent=6596"}],"wp:term":[{"taxonomy":"category","embeddable":true,"href":"https:\/\/elementor2.ameclexdir.com\/index.php\/wp-json\/wp\/v2\/categories?post=6596"},{"taxonomy":"post_tag","embeddable":true,"href":"https:\/\/elementor2.ameclexdir.com\/index.php\/wp-json\/wp\/v2\/tags?post=6596"}],"curies":[{"name":"wp","href":"https:\/\/api.w.org\/{rel}","templated":true}]}}