{"id":6617,"date":"2022-01-31T07:12:36","date_gmt":"2022-01-31T07:12:36","guid":{"rendered":"https:\/\/wecreatedesign.co\/dev\/WP\/amec\/?p=5601"},"modified":"2022-01-31T07:12:36","modified_gmt":"2022-01-31T07:12:36","slug":"la-nova-llei-startups-permet-facilitar-lentrada-i-la-residencia-al-nou-talent","status":"publish","type":"post","link":"https:\/\/elementor2.ameclexdir.com\/index.php\/2022\/01\/31\/la-nova-llei-startups-permet-facilitar-lentrada-i-la-residencia-al-nou-talent\/","title":{"rendered":"La nova Llei Startups permet facilitar l&#8217;entrada i la resid\u00e8ncia al nou talent"},"content":{"rendered":"<section class=\"elementor-section elementor-top-section elementor-element elementor-element-f05cd38 elementor-section-boxed elementor-section-height-default elementor-section-height-default\" data-id=\"f05cd38\" data-element_type=\"section\">\n<div class=\"elementor-container elementor-column-gap-default\">\n<div class=\"elementor-row\">\n<div class=\"aux-parallax-section elementor-column elementor-col-100 elementor-top-column elementor-element elementor-element-453c789\" data-id=\"453c789\" data-element_type=\"column\">\n<div class=\"elementor-column-wrap elementor-element-populated\">\n<div class=\"elementor-widget-wrap\">\n<div class=\"elementor-element elementor-element-98ab8a5 elementor-widget elementor-widget-heading\" data-id=\"98ab8a5\" data-element_type=\"widget\" data-widget_type=\"heading.default\">\n<div class=\"elementor-widget-container\">\n<p><strong>Amb la finalitat d&#8217;atreure el talent i la inversi\u00f3 estrangera al nostre pa\u00eds, s&#8217;incorporen a l&#8217;avantprojecte de la nova Llei Startups un conjunt de mesures migrat\u00f2ries per facilitar l&#8217;entrada i la resid\u00e8ncia. Amb aix\u00f2, ia l&#8217;espera de la seva publicaci\u00f3 i entrada en vigor, permetria a Espanya obrir les portes al foment de l&#8217;ecosistema de les empreses emergents.<\/strong><\/p>\n<p>&nbsp;<\/p>\n<\/div>\n<\/div>\n<\/div>\n<\/div>\n<\/div>\n<\/div>\n<\/div>\n<\/section>\n<section class=\"elementor-section elementor-top-section elementor-element elementor-element-2634d5f elementor-section-boxed elementor-section-height-default elementor-section-height-default\" data-id=\"2634d5f\" data-element_type=\"section\">\n<div class=\"elementor-container elementor-column-gap-default\">\n<div class=\"elementor-row\">\n<div class=\"aux-parallax-section elementor-column elementor-col-100 elementor-top-column elementor-element elementor-element-d4da12d\" data-id=\"d4da12d\" data-element_type=\"column\">\n<div class=\"elementor-column-wrap elementor-element-populated\">\n<div class=\"elementor-widget-wrap\">\n<div class=\"elementor-element elementor-element-2ba57fb elementor-widget elementor-widget-text-editor\" data-id=\"2ba57fb\" data-element_type=\"widget\" data-widget_type=\"text-editor.default\">\n<div class=\"elementor-widget-container\">\n<div class=\"elementor-text-editor elementor-clearfix\">\n<p>L&#8217;expansi\u00f3 del teletreball ha donat peu a una nova forma de treballar i d&#8217;estil de vida, conegut com a\u00a0<strong><em>nomadisme digital<\/em><\/strong>\u00a0. Els\u00a0<strong><em>n\u00f2mades digitals<\/em><\/strong>\u00a0fan la seva feina en remot amb la possibilitat de canviar de resid\u00e8ncia de manera habitual.\u00a0Espanya recollir\u00e0 aquest nou estil de vida a la Llei Startups, prevista perqu\u00e8 els conjunts de mesures migrat\u00f2ries es vegin reflectits a la llei seg\u00fcent:\u00a0<a href=\"https:\/\/www.boe.es\/diario_boe\/txt.php?id=BOE-A-2013-10074\" target=\"_blank\" rel=\"noopener\">Llei 14\/2013, de 27 de setembre, per facilitar la immigraci\u00f3 d&#8217;inter\u00e8s econ\u00f2mic a Espanya<\/a>\u00a0<strong><em>.<\/em><\/strong>\u00a0Aquestes s\u00f3n les mesures que aquesta llei incorporar\u00e0 i els avantatges que tindr\u00e0 per a Espanya i per als n\u00f2mades digitals.<\/p>\n<\/div>\n<\/div>\n<\/div>\n<\/div>\n<\/div>\n<\/div>\n<\/div>\n<\/div>\n<\/section>\n<section class=\"elementor-section elementor-top-section elementor-element elementor-element-f8ec201 elementor-section-boxed elementor-section-height-default elementor-section-height-default\" data-id=\"f8ec201\" data-element_type=\"section\">\n<div class=\"elementor-container elementor-column-gap-default\"><\/div>\n<\/section>\n<section class=\"elementor-section elementor-top-section elementor-element elementor-element-b7da620 elementor-section-boxed elementor-section-height-default elementor-section-height-default\" data-id=\"b7da620\" data-element_type=\"section\">\n<div class=\"elementor-container elementor-column-gap-default\">\n<div class=\"elementor-row\">\n<div class=\"aux-parallax-section elementor-column elementor-col-100 elementor-top-column elementor-element elementor-element-b64abde\" data-id=\"b64abde\" data-element_type=\"column\">\n<div class=\"elementor-column-wrap elementor-element-populated\">\n<div class=\"elementor-widget-wrap\">\n<div class=\"elementor-element elementor-element-97d1d52 elementor-widget elementor-widget-heading\" data-id=\"97d1d52\" data-element_type=\"widget\" data-widget_type=\"heading.default\">\n<div class=\"elementor-widget-container\">\n<ul>\n<li class=\"elementor-heading-title elementor-size-default\">Incorporaci\u00f3 de l&#8217;obtenci\u00f3 d&#8217;un visat nou: Visat N\u00f2mada Digital. Fins avui, els estrangers tenien un problema amb refer\u00e8ncia al visat respecte al sistema de treball en remot, ent\u00e8s com a teletreball. \u00c9s cert que, la majoria d&#8217;ocasions, els estrangers no v\u00e9nen al nostre pa\u00eds a desenvolupar activitats lucratives, sin\u00f3 que volen continuar treballant per a l&#8217;empresa estrangera mentre gaudeixen d&#8217;un estil de vida de manera n\u00f2mada. Fins ara, la sol\u00b7licitud del\u00a0<strong><em>premi de resid\u00e8ncia no lucratiu<\/em><\/strong>\u00a0era l&#8217;opci\u00f3 que m\u00e9s s&#8217;ajustava, per\u00f2 disposa d&#8217;un inconvenient, d&#8217;entrada: el perm\u00eds sol\u00b7licitat no permetia a la persona que l&#8217;obtenia a poder fer cap activitat no lucrativa encara que fos una empresa estrangera.\u00a0<strong>A partir d&#8217;ara, tota persona que vulgui gaudir de l&#8217;estil de vida Espanyol i continuar treballant per a la seva empresa estrangera ho podr\u00e0 fer, sol\u00b7licitant el nou visat \u201cN\u00f2mada Digital\u201d establert sota la nova Llei Startups<\/strong>\u00a0, que permetr\u00e0 a les persones que li concedeixin, regularitzar la situaci\u00f3 a Espanya.<\/li>\n<\/ul>\n<\/div>\n<\/div>\n<\/div>\n<\/div>\n<\/div>\n<\/div>\n<\/div>\n<\/section>\n<section class=\"elementor-section elementor-top-section elementor-element elementor-element-5b1387a elementor-section-boxed elementor-section-height-default elementor-section-height-default\" data-id=\"5b1387a\" data-element_type=\"section\">\n<div class=\"elementor-container elementor-column-gap-default\"><\/div>\n<\/section>\n<section class=\"elementor-section elementor-top-section elementor-element elementor-element-3fba9c4 elementor-section-boxed elementor-section-height-default elementor-section-height-default\" data-id=\"3fba9c4\" data-element_type=\"section\">\n<div class=\"elementor-container elementor-column-gap-default\">\n<div class=\"elementor-row\">\n<div class=\"aux-parallax-section elementor-column elementor-col-100 elementor-top-column elementor-element elementor-element-b4e5bfa\" data-id=\"b4e5bfa\" data-element_type=\"column\">\n<div class=\"elementor-column-wrap elementor-element-populated\">\n<div class=\"elementor-widget-wrap\">\n<div class=\"elementor-element elementor-element-a4efe85 elementor-widget elementor-widget-heading\" data-id=\"a4efe85\" data-element_type=\"widget\" data-widget_type=\"heading.default\">\n<div class=\"elementor-widget-container\">\n<ul>\n<li class=\"elementor-heading-title elementor-size-default\">Quins beneficis t\u00e9 el nou perm\u00eds de resid\u00e8ncia\/visat? La finalitat d&#8217;establir un nou perm\u00eds de resid\u00e8ncia per als N\u00f2mades Digitals es basa a\u00a0<strong>aconseguir la resid\u00e8ncia de manera legal a Espanya de manera m\u00e9s simplificada<\/strong>\u00a0i senzilla. Es tracta d&#8217;un visat que donar\u00e0 perm\u00eds a la persona que l&#8217;obtingui per poder\u00a0<strong>treballar des d&#8217;Espanya de forma remota durant dos anys<\/strong>\u00a0, amb la possibilitat de renovar-lo dos anys m\u00e9s (i aix\u00ed successivament) sempre que aquest sol\u00b7licitant continu\u00ef reunint els requisits establerts per la seva obtenci\u00f3.<\/li>\n<\/ul>\n<\/div>\n<\/div>\n<\/div>\n<\/div>\n<\/div>\n<\/div>\n<\/div>\n<\/section>\n<section class=\"elementor-section elementor-top-section elementor-element elementor-element-eca3aa6 elementor-section-boxed elementor-section-height-default elementor-section-height-default\" data-id=\"eca3aa6\" data-element_type=\"section\">\n<div class=\"elementor-container elementor-column-gap-default\"><\/div>\n<\/section>\n<section class=\"elementor-section elementor-top-section elementor-element elementor-element-3af700e elementor-section-boxed elementor-section-height-default elementor-section-height-default\" data-id=\"3af700e\" data-element_type=\"section\">\n<div class=\"elementor-container elementor-column-gap-default\">\n<div class=\"elementor-row\">\n<div class=\"aux-parallax-section elementor-column elementor-col-100 elementor-top-column elementor-element elementor-element-e974362\" data-id=\"e974362\" data-element_type=\"column\">\n<div class=\"elementor-column-wrap elementor-element-populated\">\n<div class=\"elementor-widget-wrap\">\n<div class=\"elementor-element elementor-element-532edf0 elementor-widget elementor-widget-heading\" data-id=\"532edf0\" data-element_type=\"widget\" data-widget_type=\"heading.default\">\n<div class=\"elementor-widget-container\">\n<ul>\n<li class=\"elementor-heading-title elementor-size-default\">Quins s\u00f3n els requisits per sol\u00b7licitar el nou visat per a N\u00f2mades Digitals? Encara que la Llei Startups es troba en fase de publicaci\u00f3 i encara es desconeix els requisits exactes que entraran en vigor, podem fer-nos una idea de quins en formaran part:<\/li>\n<\/ul>\n<p>1. Ser professional altament qualificat amb disposici\u00f3 de graduat o postgraduat universitari, amb formaci\u00f3 professional o escoles de negocis o que, compti, amb una experi\u00e8ncia professional m\u00ednima de 3 anys.<\/p>\n<p>2. Acreditar que \u00e9s un teletreballador\/a internacional despla\u00e7at a Espanya.<\/p>\n<p>3. Demostraci\u00f3 de lactivitat laboral i continuada durant 1 any amb una empresa o grup dempreses estrangeres.<\/p>\n<p>4. Acreditar que el treball es pot fer de forma 100% remota.<\/p>\n<p>5. Acreditar que l&#8217;empresa permet treballar en la modalitat de teletreball sense cap problema.<\/p>\n<p>6. Que la retribuci\u00f3 procedeixi majorit\u00e0riament de companyies estrangeres amb un l\u00edmit d&#8217;ingressos proporcionals d&#8217;Espanya del 20%.<\/p>\n<p>7. En cas que, el treballador estigui donat d&#8217;alta per compte propi \u00e9s a dir, sigui aut\u00f2nom, \u00e9s possible que se li sol\u00b7liciti perqu\u00e8 empresa estrangera treballa mitjan\u00e7ant un contracte mercantil amb una antiguitat m\u00ednima de 3 anys<\/p>\n<\/div>\n<\/div>\n<\/div>\n<\/div>\n<\/div>\n<\/div>\n<\/div>\n<\/section>\n<section class=\"elementor-section elementor-top-section elementor-element elementor-element-6541e40 elementor-section-boxed elementor-section-height-default elementor-section-height-default\" data-id=\"6541e40\" data-element_type=\"section\">\n<div class=\"elementor-container elementor-column-gap-default\"><\/div>\n<\/section>\n<section class=\"elementor-section elementor-top-section elementor-element elementor-element-b992aea elementor-section-boxed elementor-section-height-default elementor-section-height-default\" data-id=\"b992aea\" data-element_type=\"section\">\n<div class=\"elementor-container elementor-column-gap-default\"><\/div>\n<\/section>\n<section class=\"elementor-section elementor-top-section elementor-element elementor-element-e9bfcd7 elementor-section-boxed elementor-section-height-default elementor-section-height-default\" data-id=\"e9bfcd7\" data-element_type=\"section\">\n<div class=\"elementor-container elementor-column-gap-default\">\n<div class=\"elementor-row\">\n<div class=\"aux-parallax-section elementor-column elementor-col-100 elementor-top-column elementor-element elementor-element-1467bbf\" data-id=\"1467bbf\" data-element_type=\"column\">\n<div class=\"elementor-column-wrap elementor-element-populated\">\n<div class=\"elementor-widget-wrap\">\n<div class=\"elementor-element elementor-element-1d4a9fc elementor-widget elementor-widget-text-editor\" data-id=\"1d4a9fc\" data-element_type=\"widget\" data-widget_type=\"text-editor.default\">\n<div class=\"elementor-widget-container\">\n<div class=\"elementor-text-editor elementor-clearfix\">\n<p><img decoding=\"async\" src=\"http:\/\/wecreatedesign.co\/dev\/WP\/amec\/wp-content\/uploads\/2023\/03\/montserrat-feliu-redim-w171-h171.jpg\" alt=\"Montserrat-Feliu.jpg\" width=\"171\" height=\"171\" \/><\/p>\n<\/div>\n<\/div>\n<\/div>\n<\/div>\n<\/div>\n<\/div>\n<\/div>\n<\/div>\n<\/section>\n","protected":false},"excerpt":{"rendered":"<p>Amb la finalitat d&#8217;atreure el talent i la inversi\u00f3 estrangera al nostre pa\u00eds, s&#8217;incorporen a l&#8217;avantprojecte de la nova Llei Startups un conjunt de mesures migrat\u00f2ries per facilitar l&#8217;entrada i la resid\u00e8ncia. Amb aix\u00f2, ia l&#8217;espera de la seva publicaci\u00f3&#8230;<\/p>\n","protected":false},"author":1,"featured_media":0,"comment_status":"open","ping_status":"open","sticky":false,"template":"","format":"standard","meta":{"inline_featured_image":false,"footnotes":""},"categories":[29],"tags":[],"class_list":["post-6617","post","type-post","status-publish","format-standard","hentry","category-articles-dexperts"],"acf":[],"_links":{"self":[{"href":"https:\/\/elementor2.ameclexdir.com\/index.php\/wp-json\/wp\/v2\/posts\/6617","targetHints":{"allow":["GET"]}}],"collection":[{"href":"https:\/\/elementor2.ameclexdir.com\/index.php\/wp-json\/wp\/v2\/posts"}],"about":[{"href":"https:\/\/elementor2.ameclexdir.com\/index.php\/wp-json\/wp\/v2\/types\/post"}],"author":[{"embeddable":true,"href":"https:\/\/elementor2.ameclexdir.com\/index.php\/wp-json\/wp\/v2\/users\/1"}],"replies":[{"embeddable":true,"href":"https:\/\/elementor2.ameclexdir.com\/index.php\/wp-json\/wp\/v2\/comments?post=6617"}],"version-history":[{"count":0,"href":"https:\/\/elementor2.ameclexdir.com\/index.php\/wp-json\/wp\/v2\/posts\/6617\/revisions"}],"wp:attachment":[{"href":"https:\/\/elementor2.ameclexdir.com\/index.php\/wp-json\/wp\/v2\/media?parent=6617"}],"wp:term":[{"taxonomy":"category","embeddable":true,"href":"https:\/\/elementor2.ameclexdir.com\/index.php\/wp-json\/wp\/v2\/categories?post=6617"},{"taxonomy":"post_tag","embeddable":true,"href":"https:\/\/elementor2.ameclexdir.com\/index.php\/wp-json\/wp\/v2\/tags?post=6617"}],"curies":[{"name":"wp","href":"https:\/\/api.w.org\/{rel}","templated":true}]}}