{"id":6632,"date":"2022-02-25T04:52:28","date_gmt":"2022-02-25T04:52:28","guid":{"rendered":"https:\/\/wecreatedesign.co\/dev\/WP\/amec\/?p=5260"},"modified":"2022-02-25T04:52:28","modified_gmt":"2022-02-25T04:52:28","slug":"amec-es-bolca-a-informar-i-donar-suport-a-les-empreses-amb-interessos-a-russia-i-ucraina-2","status":"publish","type":"post","link":"https:\/\/elementor2.ameclexdir.com\/index.php\/2022\/02\/25\/amec-es-bolca-a-informar-i-donar-suport-a-les-empreses-amb-interessos-a-russia-i-ucraina-2\/","title":{"rendered":"amec es bolca a informar i donar suport a les empreses amb interessos a R\u00fassia i Ucra\u00efna"},"content":{"rendered":"<div class=\"amplada-pagina descripcion\">\n<p><em><strong><img fetchpriority=\"high\" decoding=\"async\" src=\"http:\/\/wecreatedesign.co\/dev\/WP\/amec\/wp-content\/uploads\/2023\/03\/reunion-oficinas-rusia-ucraina-amec-redim-w400-h234.png\" alt=\"reunion-oficinas-rusia-ucraina-amec.png\" width=\"400\" height=\"234\" \/><\/strong><\/em><\/p>\n<p><em><strong>amec<\/strong><\/em>\u00a0ha desenvolupat un servei especial de suport a les empreses amb interessos comercials a R\u00fassia i Ucra\u00efna. L&#8217;entitat compta amb un observatori permanent, que permet enviar informaci\u00f3 als membres de manera recurrent i rebre sol\u00b7licituds de suport per part de les empreses industrials. I \u00e9s que\u00a0<strong>m\u00e9s de la meitat dels membres de la comunitat d&#8217;<em>amec<\/em>\u00a0exporten a R\u00fassia i m\u00e9s d&#8217;una desena estan implantades en aquest mercat<\/strong>, sigui amb filial productiva o oficines comercials. Una altra\u00a0<strong>dotzena d&#8217;empreses tamb\u00e9 tenen relacions comercials amb Ucra\u00efna<\/strong>, algunes amb implantaci\u00f3 al seu territori.<\/p>\n<p>&nbsp;<\/p>\n<p>A m\u00e9s de resoldre situacions i peticions individuals per part de les empreses industrials,\u00a0<em><strong>amec<\/strong>\u00a0<\/em>ha obert un grup de wattsapp en qu\u00e8 participen els membres, que intercanvien dubtes centrats en tota la operativa i l&#8217;enviament de mercaderies a R\u00fassia i als pa\u00efsos de l&#8217;est, i en qu\u00e8 participen el delegat a R\u00fassia, Karlos Landeta, i tot l&#8217;equip d&#8217;<em><strong>amec<\/strong><\/em>\u00a0al capdavant de l&#8217;observatori permanent.<\/p>\n<p>&nbsp;<\/p>\n<p><em><strong>amec<\/strong><\/em>\u00a0vehicula cap als seus membres tota la informaci\u00f3 sobre l&#8217;afectaci\u00f3 del conflicte en la relaci\u00f3 comercial, informant de l&#8217;impacte immediat de les sancions als intercanvis comercials, les que penalitzaran la compra amb d\u00f2lars i euros per part d&#8217;empreses russes, com afectar\u00e0 d&#8217;ara endavant a les operacions l&#8217;exclusi\u00f3 del Swift de les principals entitats financeres, l&#8217;afectaci\u00f3 a les operacions duaneres, etc.<\/p>\n<p>&nbsp;<\/p>\n<p>Els membres de la comunitat tenen una persona de contacte de refer\u00e8ncia a amec per dirigir-se en cas que ho necessitin. L&#8217;entitat ha celebrat\u00a0<a href=\"https:\/\/www.amec.es\/es\/pl102\/agenda\/id209\/consecuencias-a-corto-y-largo-plazo-del-conflicto-rusia-ucrania.htm\" target=\"_blank\" rel=\"noopener\">sessions de networking<\/a>\u00a0entre les empreses, que han compartit entre elles com els afecta el conflicte en tota la seva operativa en aquests mercats, com estan actuant i com poder avan\u00e7ar-se a l&#8217;impacte previsible que puguin tenir les sancions sobre els intercanvis i la finan\u00e7ament en aquests pa\u00efsos. El gran inter\u00e8s de les empreses en compartir les seves situacions i coneixement ha fet que se celebrin fins a quatre sessions de manera simult\u00e0nia.<\/p>\n<p>&nbsp;<\/p>\n<p>Les empreses de la comunitat ja es van poder reunir nom\u00e9s passades 24 hores despr\u00e9s de l&#8217;esclat de la guerra amb responsables de les Oficines Comercials d&#8217;Espanya a Moscou i K\u00edev. Aquesta trobada s&#8217;ha tornat a repetir el passat 4 de mar\u00e7 quan les empreses ja estan veient interromputs els fluxos comercials amb els pa\u00efsos de l&#8217;est d&#8217;Europa i R\u00fassia. El principal objectiu d&#8217;aquestes sessions \u00e9s donar informaci\u00f3 d&#8217;\u00faltima hora sobre com s&#8217;estan desenvolupant les operacions comercials a tota l&#8217;\u00e0rea afectada pel conflicte, com influeixen les sancions imposades a l&#8217;operativa i com ho faran en el futur, i con\u00e8ixer en profunditat les inquietuds i els problemes concrets de les empreses.<\/p>\n<p>&nbsp;<\/p>\n<p>&nbsp;<\/p>\n<p><a href=\"https:\/\/www.amec.es\/es\/competitividad\/asesoramiento-y-resolucion-de-problemas.htm\" target=\"_blank\" rel=\"noopener\">Posa&#8217;t aqu\u00ed en contacte amb nosaltres<\/a><\/p>\n<\/div>\n","protected":false},"excerpt":{"rendered":"<p>amec\u00a0ha desenvolupat un servei especial de suport a les empreses amb interessos comercials a R\u00fassia i Ucra\u00efna. L&#8217;entitat compta amb un observatori permanent, que permet enviar informaci\u00f3 als membres de manera recurrent i rebre sol\u00b7licituds de suport per part de les empreses industrials. I \u00e9s que\u00a0m\u00e9s de la meitat dels membres de la comunitat d&#8217;amec\u00a0exporten [&hellip;]<\/p>\n","protected":false},"author":1,"featured_media":5262,"comment_status":"open","ping_status":"open","sticky":false,"template":"","format":"standard","meta":{"inline_featured_image":false,"footnotes":""},"categories":[27],"tags":[],"class_list":["post-6632","post","type-post","status-publish","format-standard","has-post-thumbnail","hentry","category-actualitat"],"acf":[],"_links":{"self":[{"href":"https:\/\/elementor2.ameclexdir.com\/index.php\/wp-json\/wp\/v2\/posts\/6632","targetHints":{"allow":["GET"]}}],"collection":[{"href":"https:\/\/elementor2.ameclexdir.com\/index.php\/wp-json\/wp\/v2\/posts"}],"about":[{"href":"https:\/\/elementor2.ameclexdir.com\/index.php\/wp-json\/wp\/v2\/types\/post"}],"author":[{"embeddable":true,"href":"https:\/\/elementor2.ameclexdir.com\/index.php\/wp-json\/wp\/v2\/users\/1"}],"replies":[{"embeddable":true,"href":"https:\/\/elementor2.ameclexdir.com\/index.php\/wp-json\/wp\/v2\/comments?post=6632"}],"version-history":[{"count":0,"href":"https:\/\/elementor2.ameclexdir.com\/index.php\/wp-json\/wp\/v2\/posts\/6632\/revisions"}],"wp:featuredmedia":[{"embeddable":true,"href":"https:\/\/elementor2.ameclexdir.com\/index.php\/wp-json\/wp\/v2\/media\/5262"}],"wp:attachment":[{"href":"https:\/\/elementor2.ameclexdir.com\/index.php\/wp-json\/wp\/v2\/media?parent=6632"}],"wp:term":[{"taxonomy":"category","embeddable":true,"href":"https:\/\/elementor2.ameclexdir.com\/index.php\/wp-json\/wp\/v2\/categories?post=6632"},{"taxonomy":"post_tag","embeddable":true,"href":"https:\/\/elementor2.ameclexdir.com\/index.php\/wp-json\/wp\/v2\/tags?post=6632"}],"curies":[{"name":"wp","href":"https:\/\/api.w.org\/{rel}","templated":true}]}}