{"id":6656,"date":"2022-03-17T09:35:09","date_gmt":"2022-03-17T09:35:09","guid":{"rendered":"https:\/\/wecreatedesign.co\/dev\/WP\/amec\/?p=5700"},"modified":"2022-03-17T09:35:09","modified_gmt":"2022-03-17T09:35:09","slug":"les-empreses-industrials-reclamen-l1-de-la-despesa-publica-per-al-recolzament-de-la-rdi-industrial-per-agilitzar-una-transformacio-digital-i-ecologica-que-aportara-major-progres","status":"publish","type":"post","link":"https:\/\/elementor2.ameclexdir.com\/index.php\/2022\/03\/17\/les-empreses-industrials-reclamen-l1-de-la-despesa-publica-per-al-recolzament-de-la-rdi-industrial-per-agilitzar-una-transformacio-digital-i-ecologica-que-aportara-major-progres\/","title":{"rendered":"Les empreses industrials reclamen l\u20191% de la despesa p\u00fablica per al recolzament de la R+D+i industrial per agilitzar una transformaci\u00f3 digital i ecol\u00f2gica que aportar\u00e0 major progr\u00e9s"},"content":{"rendered":"<ul>\n<li><strong>Uns 160 directius d&#8217;empreses industrials d&#8217;<\/strong><strong><em>amec<\/em><\/strong><strong>\u00a0es reuneixen per\u00a0<\/strong><strong>fer visible<\/strong><strong>\u00a0el paper de la ind\u00fastria com a vertebradora de l&#8217;economia i analitzar qu\u00e8 han de fer les empreses i les administracions perqu\u00e8 assumeixi els reptes d&#8217;innovaci\u00f3 que t\u00e9 per davant. Cada punt d&#8217;inversi\u00f3 en la ind\u00fastria es trasllada multiplicat per quatre en la resta dels sectors.<\/strong><\/li>\n<\/ul>\n<p><strong>\u00a0<\/strong><\/p>\n<p><strong>Barcelona,\u00a0<\/strong><strong>\u200b\u200b<\/strong><strong>16 de mar\u00e7 de 2022.\u00a0<\/strong>Uns 160 directius d&#8217;empreses industrials s&#8217;han reunit en el marc de l&#8217;acte\u00a0<strong>&#8216;La innovaci\u00f3 industrial: un repte col<\/strong><strong>\u00b7<\/strong><strong>lectiu&#8217;<\/strong>\u00a0celebrat aquest mat\u00ed al recinte modernista de l&#8217;Hospital de Sant Pau de Barcelona, \u200b\u200bi tamb\u00e9 retransm\u00e8s en l\u00ednia, per fer una an\u00e0lisi sobre el paper de la ind\u00fastria com a vertebradora de l&#8217;economia, el progr\u00e9s i el benestar i posar en com\u00fa els reptes que afronten les empreses i les administracions, en\u00a0<strong>\u201cuna reflexi\u00f3 fonamental sobre qu\u00e8 \u00e9s el que ha de passar al pa\u00eds perqu\u00e8 la ind\u00fastria sigui m\u00e9s innovadora\u201d<\/strong>, en paraules del president d&#8217;<strong><em>amec<\/em><\/strong>, Pere Relats. L&#8217;acte tamb\u00e9 ha comptat amb la pres\u00e8ncia dels agents de l&#8217;ecosistema industrial i la intervenci\u00f3 del director general del CDTI, Javier Ponce, amb qui els directius de les empreses han establert un di\u00e0leg obert.<\/p>\n<p>&nbsp;<\/p>\n<p><strong>\u201cEn un context en qu\u00e8 la ind\u00fastria est\u00e0 sotmesa a una pressi\u00f3 asfixiant -ha d&#8217;afrontar un entorn completament complex i incert, i alhora reduir els costos de producci\u00f3, complir les exig\u00e8ncies de qualitat i les mesures en sostenibilitat-, l&#8217;\u00fanica manera d&#8217;augmentar la nostra competitivitat \u00e9s a trav\u00e9s de la inversi\u00f3 desacomplexada en innovaci\u00f3\u201d<\/strong>, ha incidit Relats. Encara m\u00e9s quan davant seu afronta sis grans reptes d&#8217;innovaci\u00f3: aconseguir la transici\u00f3 energ\u00e8tica; el canvi de model de la cadena de subministrament; la circularitat; el coneixement de l\u2019experi\u00e8ncia de l\u2019usuari i els nous models de negoci a trav\u00e9s de la digitalitzaci\u00f3; potenciar els serveis t\u00e8cnics en remot; i la ciberseguretat. Per aconseguir-ho, el president d&#8217;<strong><em>amec<\/em><\/strong>\u00a0ha reclamat a les administracions\u00a0<strong>\u201cpol\u00edtiques p\u00fabliques que situ\u00efn de veritat la ind\u00fastria al centre d&#8217;un nou model productiu\u201d<\/strong>, augmentant el seu pes fins al 25% del PIB, per generar m\u00e9s estabilitat i assegurar al sistema econ\u00f2mic molta m\u00e9s capacitat de resili\u00e8ncia. Per tot aix\u00f2,\u00a0<strong><em>amec<\/em><\/strong>\u00a0considera necessari que\u00a0<strong>\u201cl&#8217;1% del pressupost p\u00fablic anual es destini a dinamitzar la R+D+i industrial i a acompanyar les empreses en la transformaci\u00f3 digital i la transici\u00f3 ecol\u00f2gica\u201d<\/strong>, tal com ha remarcat Relats, que ha recordat que cada punt d&#8217;inversi\u00f3 a la ind\u00fastria es trasllada multiplicat per quatre a la resta dels sectors.<\/p>\n<p>&nbsp;<\/p>\n<p>Entre altres coses, les empreses han apuntat a la necessitat de recuperar els pressupostos de suport a la internacionalitzaci\u00f3 previs a la crisi financera del 2008, davant del\u00a0<strong>\u201cgran repte d&#8217;impulsar la nova pres\u00e8ncia global de les nostres empreses\u201d<\/strong>, que \u00e9s tant presencial com digital. Relats tamb\u00e9 ha reclamat pol\u00edtiques ambicioses de suport a la formaci\u00f3 t\u00e8cnica, i especialment la professional industrial, perqu\u00e8 les empreses puguin captar i fomentar el talent.\u00a0<strong>\u201cUn pa\u00eds m\u00e9s tecnol\u00f2gic, amb m\u00e9s pes industrial, hauria de constituir una prioritat absoluta per a totes les nostres administracions. Hauria d&#8217;estar a totes les agendes, estar present a tots els discursos i, sobretot, formar part de les seves apostes estrat\u00e8giques\u201d<\/strong>, ha dit el president d&#8217;<strong><em>amec<\/em><\/strong>.<\/p>\n<p>&nbsp;<\/p>\n<p>El director general d&#8217;<strong><em>amec<\/em><\/strong>, Joan Tristany, ha explicat que els sous al sector industrial s\u00f3n els \u00fanics que han augmentat els darrers anys, que la ind\u00fastria \u00e9s la principal responsable de l&#8217;augment de la competitivitat de l&#8217;economia espanyola, alhora que compta amb la menor taxa de desocupaci\u00f3 i temporalitat.\u00a0<strong>\u201cPer cada ocupaci\u00f3 industrial es generen 2,2 nous llocs de treball a la resta de sectors, augmentant la seva activitat i repercutint un 0,5% addicional al PIB\u201d<\/strong>, ha detallat Tristany.<\/p>\n<p>&nbsp;<\/p>\n<p>Aquesta jornada ha tingut lloc despr\u00e9s de la celebraci\u00f3 de l&#8217;Assemblea General de l&#8217;entitat, on s&#8217;han avan\u00e7at els primers resultats de l&#8217;Informe de Conjuntura, que es publicar\u00e0 en els propers dies.<\/p>\n<p>&nbsp;<\/p>\n<p><strong><em>amec\u00a0<\/em><\/strong><strong>impulsa els nous factors clau de competitivitat en les empreses<\/strong><\/p>\n<p>La comunitat de les empreses industrials internacionalitzades\u00a0<strong><em>amec<\/em><\/strong>\u00a0impulsa els nous factors clau de competitivitat en les empreses de tot l\u2019Estat:\u00a0<a href=\"https:\/\/www.youtube.com\/watch?v=SDztjgsQdBk&amp;feature=youtu.be\"><strong>anticipaci\u00f3, adaptabilitat, col<\/strong><strong>\u00b7<\/strong><strong>laboraci\u00f3, glocalitzaci\u00f3 i sostenibilitat<\/strong><\/a>. S\u00f3n uns factors que estan esdevenint essencials en l\u2019actual situaci\u00f3 de crisi per l\u2019impacte de la Covid-19 en l\u2019activitat industrial del nostre pa\u00eds. Les empreses que formen part d\u2019<strong><em>amec<\/em><\/strong>\u00a0generen un volum d&#8217;exportaci\u00f3 superior als 6.200 milions d&#8217;euros, exporten una mitjana del 55,5% de la seva facturaci\u00f3 i inverteixen el 4,7% en innovaci\u00f3.<\/p>\n<p><strong>\u00a0<\/strong><\/p>\n<p><strong>Per a m\u00e9s informaci\u00f3:<\/strong><\/p>\n<p>Gl\u00f2ria Ayuso<\/p>\n<p><a href=\"mailto:Gloria.ayuso@ga-binet.com\">Gloria.ayuso@ga-binet.com<\/a><\/p>\n<p>Tel. 654609518<\/p>\n","protected":false},"excerpt":{"rendered":"<p>Uns 160 directius d&#8217;empreses industrials d&#8217;amec\u00a0es reuneixen per\u00a0fer visible\u00a0el paper de la ind\u00fastria com a vertebradora de l&#8217;economia i analitzar qu\u00e8 han de fer les empreses i les administracions perqu\u00e8 assumeixi els reptes d&#8217;innovaci\u00f3 que t\u00e9 per davant. Cada punt d&#8217;inversi\u00f3 en la ind\u00fastria es trasllada multiplicat per quatre en la resta dels sectors. \u00a0 [&hellip;]<\/p>\n","protected":false},"author":1,"featured_media":0,"comment_status":"open","ping_status":"open","sticky":false,"template":"","format":"standard","meta":{"inline_featured_image":false,"footnotes":""},"categories":[28],"tags":[],"class_list":["post-6656","post","type-post","status-publish","format-standard","hentry","category-notes-de-premsa"],"acf":[],"_links":{"self":[{"href":"https:\/\/elementor2.ameclexdir.com\/index.php\/wp-json\/wp\/v2\/posts\/6656","targetHints":{"allow":["GET"]}}],"collection":[{"href":"https:\/\/elementor2.ameclexdir.com\/index.php\/wp-json\/wp\/v2\/posts"}],"about":[{"href":"https:\/\/elementor2.ameclexdir.com\/index.php\/wp-json\/wp\/v2\/types\/post"}],"author":[{"embeddable":true,"href":"https:\/\/elementor2.ameclexdir.com\/index.php\/wp-json\/wp\/v2\/users\/1"}],"replies":[{"embeddable":true,"href":"https:\/\/elementor2.ameclexdir.com\/index.php\/wp-json\/wp\/v2\/comments?post=6656"}],"version-history":[{"count":0,"href":"https:\/\/elementor2.ameclexdir.com\/index.php\/wp-json\/wp\/v2\/posts\/6656\/revisions"}],"wp:attachment":[{"href":"https:\/\/elementor2.ameclexdir.com\/index.php\/wp-json\/wp\/v2\/media?parent=6656"}],"wp:term":[{"taxonomy":"category","embeddable":true,"href":"https:\/\/elementor2.ameclexdir.com\/index.php\/wp-json\/wp\/v2\/categories?post=6656"},{"taxonomy":"post_tag","embeddable":true,"href":"https:\/\/elementor2.ameclexdir.com\/index.php\/wp-json\/wp\/v2\/tags?post=6656"}],"curies":[{"name":"wp","href":"https:\/\/api.w.org\/{rel}","templated":true}]}}