{"id":6660,"date":"2022-04-06T05:00:10","date_gmt":"2022-04-06T05:00:10","guid":{"rendered":"https:\/\/wecreatedesign.co\/dev\/WP\/amec\/?p=5290"},"modified":"2022-04-06T05:00:10","modified_gmt":"2022-04-06T05:00:10","slug":"la-secretaria-destat-de-comerc-visita-les-empreses-damec-per-coneixer-les-seves-necessitats","status":"publish","type":"post","link":"https:\/\/elementor2.ameclexdir.com\/index.php\/2022\/04\/06\/la-secretaria-destat-de-comerc-visita-les-empreses-damec-per-coneixer-les-seves-necessitats\/","title":{"rendered":"La Secretaria d&#8217;Estat de Comer\u00e7 visita les empreses d&#8217;amec per con\u00e8ixer les seves necessitats"},"content":{"rendered":"<p><em><strong>amec<\/strong><\/em>\u00a0ha continuat intensificant durant els primers mesos de l&#8217;any la seva tasca a favor de la ind\u00fastria davant de les administracions i tot l&#8217;ecosistema.<\/p>\n<p>&nbsp;<\/p>\n<p>El president d&#8217;<em><strong>amec<\/strong><\/em>, Pere Relats, i el director general, Joan Tristany, es van reunir amb la Secret\u00e0ria d&#8217;Estat de Comer\u00e7, Xiana M\u00e9ndez, amb qui van compartir les necessitats noves que tenen les empreses per dirigir-se als mercats exteriors. En poc temps, les relacions comercials han canviat de forma molt important, i per aix\u00f2 amec insisteix que calen nous instruments. Aix\u00ed, les empreses han de respondre a una\u00a0<strong>nova forma de pres\u00e8ncia global, que \u00e9s ara tant presencial com digital<\/strong>. Davant aquests nous reptes, el contacte inicial amb M\u00e9ndez va servir per estr\u00e8nyer i ampliar les vies de col\u00b7laboraci\u00f3 entre les dues institucions. Tant \u00e9s aix\u00ed que\u00a0<em><strong>amec<\/strong><\/em>\u00a0<strong>ha organitzat visites de membres de la Secretaria d&#8217;Estat de Comer\u00e7 a les empreses de la comunitat<\/strong>, perqu\u00e8 coneguin la seva situaci\u00f3 i com operen a nivell internacional per treballar conjuntament a favor de\u00a0<strong>donar respostes a les necessitats de les empreses industrials<\/strong>.<\/p>\n<p>&nbsp;<\/p>\n<p>Les primeres visites s&#8217;han celebrat aquest mes de mar\u00e7 a les f\u00e0briques de\u00a0<strong>Molecor<\/strong>\u00a0i de\u00a0<strong>Pladur<\/strong>\u00a0a Madrid, amb la pres\u00e8ncia de la subdirectora general d&#8217;Estrat\u00e8gia d&#8217;Internacionalitzaci\u00f3,\u00a0<strong>Carmen La\u00edn<\/strong>; la subdirectora adjunta,\u00a0<strong>Paula Alcaida<\/strong>; i la cap del servei comercial,\u00a0<strong>Gemma Galed<\/strong>. Ambdues empreses els han explicat els seus plans d&#8217;internacionalitzaci\u00f3 i els seus reptes, a fi que l&#8217;administraci\u00f3 conegui molt de prop les necessitats que tenen les empreses industrials internacionalitzades i s&#8217;hi puguin adaptar tots els instruments i els ajuts llan\u00e7ats des del Govern.<\/p>\n<p>&nbsp;<\/p>\n<p>&nbsp;<\/p>\n<p><img fetchpriority=\"high\" decoding=\"async\" src=\"http:\/\/wecreatedesign.co\/dev\/WP\/amec\/wp-content\/uploads\/2023\/03\/molecor-tubs-310322-redim-w400-h267.jpg\" alt=\"Molecor tubs_31.03.22.JPG\" width=\"400\" height=\"267\" \/><img decoding=\"async\" src=\"http:\/\/wecreatedesign.co\/dev\/WP\/amec\/wp-content\/uploads\/2023\/03\/molecor-fab-310322-redim-w400-h300.jpg\" alt=\"Molecor fab_31.03.22.jpg\" width=\"400\" height=\"300\" \/><img decoding=\"async\" src=\"http:\/\/wecreatedesign.co\/dev\/WP\/amec\/wp-content\/uploads\/2023\/03\/pladur-vista-comercio-amec-redim-w400-h300.jpg\" alt=\"Pladur-vista-comercio-amec.jpg\" width=\"400\" height=\"300\" \/><\/p>\n","protected":false},"excerpt":{"rendered":"<p>amec\u00a0ha continuat intensificant durant els primers mesos de l&#8217;any la seva tasca a favor de la ind\u00fastria davant de les administracions i tot l&#8217;ecosistema. &nbsp; El president d&#8217;amec, Pere Relats, i el director general, Joan Tristany, es van reunir amb la Secret\u00e0ria d&#8217;Estat de Comer\u00e7, Xiana M\u00e9ndez, amb qui van compartir les necessitats noves que [&hellip;]<\/p>\n","protected":false},"author":1,"featured_media":5295,"comment_status":"open","ping_status":"open","sticky":false,"template":"","format":"standard","meta":{"inline_featured_image":false,"footnotes":""},"categories":[27],"tags":[],"class_list":["post-6660","post","type-post","status-publish","format-standard","has-post-thumbnail","hentry","category-actualitat"],"acf":[],"_links":{"self":[{"href":"https:\/\/elementor2.ameclexdir.com\/index.php\/wp-json\/wp\/v2\/posts\/6660","targetHints":{"allow":["GET"]}}],"collection":[{"href":"https:\/\/elementor2.ameclexdir.com\/index.php\/wp-json\/wp\/v2\/posts"}],"about":[{"href":"https:\/\/elementor2.ameclexdir.com\/index.php\/wp-json\/wp\/v2\/types\/post"}],"author":[{"embeddable":true,"href":"https:\/\/elementor2.ameclexdir.com\/index.php\/wp-json\/wp\/v2\/users\/1"}],"replies":[{"embeddable":true,"href":"https:\/\/elementor2.ameclexdir.com\/index.php\/wp-json\/wp\/v2\/comments?post=6660"}],"version-history":[{"count":0,"href":"https:\/\/elementor2.ameclexdir.com\/index.php\/wp-json\/wp\/v2\/posts\/6660\/revisions"}],"wp:featuredmedia":[{"embeddable":true,"href":"https:\/\/elementor2.ameclexdir.com\/index.php\/wp-json\/wp\/v2\/media\/5295"}],"wp:attachment":[{"href":"https:\/\/elementor2.ameclexdir.com\/index.php\/wp-json\/wp\/v2\/media?parent=6660"}],"wp:term":[{"taxonomy":"category","embeddable":true,"href":"https:\/\/elementor2.ameclexdir.com\/index.php\/wp-json\/wp\/v2\/categories?post=6660"},{"taxonomy":"post_tag","embeddable":true,"href":"https:\/\/elementor2.ameclexdir.com\/index.php\/wp-json\/wp\/v2\/tags?post=6660"}],"curies":[{"name":"wp","href":"https:\/\/api.w.org\/{rel}","templated":true}]}}