{"id":6663,"date":"2022-04-27T05:07:51","date_gmt":"2022-04-27T05:07:51","guid":{"rendered":"https:\/\/wecreatedesign.co\/dev\/WP\/amec\/?p=5324"},"modified":"2022-04-27T05:07:51","modified_gmt":"2022-04-27T05:07:51","slug":"la-comissio-dinnovacio-indaga-els-nous-projectes-dinnovacio-que-marcaran-el-futur-de-la-industria","status":"publish","type":"post","link":"https:\/\/elementor2.ameclexdir.com\/index.php\/2022\/04\/27\/la-comissio-dinnovacio-indaga-els-nous-projectes-dinnovacio-que-marcaran-el-futur-de-la-industria\/","title":{"rendered":"La Comissi\u00f3 d&#8217;Innovaci\u00f3 indaga els nous projectes d&#8217;innovaci\u00f3 que marcaran el futur de la ind\u00fastria"},"content":{"rendered":"<div class=\"portletDetailNoticies\">\n<div class=\"amplada-pagina descripcion\">\n<p><img fetchpriority=\"high\" decoding=\"async\" src=\"http:\/\/wecreatedesign.co\/dev\/WP\/amec\/wp-content\/uploads\/2023\/03\/comision-innovacion-amec-zona-franca-sorigue-redim-w500-h375.jpeg\" alt=\"Comissi\u00f3-innovacion-amec-zona-franca-sorigue.jpeg\" width=\"500\" height=\"375\" \/>La Comissi\u00f3 d&#8217;Innovaci\u00f3 de\u00a0<em><strong>Amec<\/strong><\/em>\u00a0ha indagat en els nous projectes d&#8217;innovaci\u00f3 que s&#8217;estan desenvolupant i que marcaran el futur de la ind\u00fastria. Per aix\u00f2, els seus integrants han visitat DFactory Barcelona, hub per al desenvolupament de la ind\u00fastria 4.0, on han conegut iniciatives concretes de robotitzaci\u00f3, IOT i connectivitat aplicades a la ind\u00fastria.<\/p>\n<p>La comissi\u00f3, encap\u00e7alada pel director general d&#8217;\u00a0<em><strong>amec<\/strong><\/em>\u00a0, Joan Tristany, i el subdirector \u00d2scar Puig, tamb\u00e9 s&#8217;han reunit amb la directora general de Zona Franca Barcelona, Blanca Sorigu\u00e9, amb qui han tractat les noves iniciatives que s&#8217;estan duent a terme des de aquest important pol, que ha apostat de manera decidida per incentivar la transformaci\u00f3 de la ind\u00fastria. Aix\u00ed, s&#8217;han intercanviat impressions sobre l&#8217;impuls i els projectes per a la innovaci\u00f3 que s&#8217;estan duent a terme i quines s\u00f3n les necessitats de les empreses industrials.<\/p>\n<\/div>\n<\/div>\n<div class=\"registre-accions amplada-pagina\">\n<div class=\"addthis_inline_share_toolbox\" data-url=\"https:\/\/www.amec.es\/ca\/pl14\/amecnews\/noticies\/id994\/la-comision-de-innovacion-indaga-en-los-nuevos-proyectos-de-innovacion-que-marcaran-el-futuro-de-la-industria.htm?fcat_14=558\" data-title=\"La Comissi\u00f3 d'Innovaci\u00f3 indaga els nous projectes d'innovaci\u00f3 que marcaran el futur de la ind\u00fastria\" data-description=\"La Comissi\u00f3 d'Innovaci\u00f3 de Amec ha indagat en els nous projectes d'innovaci\u00f3 que s'estan desenvolupant i que marcaran el futur de la ind\u00fastria. Per aix\u00f2, els seus integrants han visitat DFactory Barcelona, hub per al desenvolupament de la ind\u00fastria 4.0, on han conegut iniciatives concretes de robotitzaci\u00f3, IOT i connectivitat aplicades a la ind\u00fastria. La comissi\u00f3, encap\u00e7alada pel director general d' amec , Joan Tristany, i el subdirector \u00d2scar Puig, tamb\u00e9 s'han reunit amb la directora...\">\n<div id=\"atstbx\" class=\"at-resp-share-element at-style-responsive addthis-smartlayers addthis-animated at4-show\" role=\"region\" aria-labelledby=\"at-3f251115-1906-4b89-98a7-3dcb7a5c6a12\"><span id=\"at-3f251115-1906-4b89-98a7-3dcb7a5c6a12\" class=\"at4-visually-hidden\"><\/span><\/p>\n<div class=\"at-share-btn-elements\"><\/div>\n<\/div>\n<\/div>\n<\/div>\n","protected":false},"excerpt":{"rendered":"<p>La Comissi\u00f3 d&#8217;Innovaci\u00f3 de\u00a0Amec\u00a0ha indagat en els nous projectes d&#8217;innovaci\u00f3 que s&#8217;estan desenvolupant i que marcaran el futur de la ind\u00fastria. Per aix\u00f2, els seus integrants han visitat DFactory Barcelona, hub per al desenvolupament de la ind\u00fastria 4.0, on han conegut iniciatives concretes de robotitzaci\u00f3, IOT i connectivitat aplicades a la ind\u00fastria. La comissi\u00f3, encap\u00e7alada [&hellip;]<\/p>\n","protected":false},"author":1,"featured_media":5327,"comment_status":"open","ping_status":"open","sticky":false,"template":"","format":"standard","meta":{"inline_featured_image":false,"footnotes":""},"categories":[27],"tags":[],"class_list":["post-6663","post","type-post","status-publish","format-standard","has-post-thumbnail","hentry","category-actualitat"],"acf":[],"_links":{"self":[{"href":"https:\/\/elementor2.ameclexdir.com\/index.php\/wp-json\/wp\/v2\/posts\/6663","targetHints":{"allow":["GET"]}}],"collection":[{"href":"https:\/\/elementor2.ameclexdir.com\/index.php\/wp-json\/wp\/v2\/posts"}],"about":[{"href":"https:\/\/elementor2.ameclexdir.com\/index.php\/wp-json\/wp\/v2\/types\/post"}],"author":[{"embeddable":true,"href":"https:\/\/elementor2.ameclexdir.com\/index.php\/wp-json\/wp\/v2\/users\/1"}],"replies":[{"embeddable":true,"href":"https:\/\/elementor2.ameclexdir.com\/index.php\/wp-json\/wp\/v2\/comments?post=6663"}],"version-history":[{"count":0,"href":"https:\/\/elementor2.ameclexdir.com\/index.php\/wp-json\/wp\/v2\/posts\/6663\/revisions"}],"wp:featuredmedia":[{"embeddable":true,"href":"https:\/\/elementor2.ameclexdir.com\/index.php\/wp-json\/"}],"wp:attachment":[{"href":"https:\/\/elementor2.ameclexdir.com\/index.php\/wp-json\/wp\/v2\/media?parent=6663"}],"wp:term":[{"taxonomy":"category","embeddable":true,"href":"https:\/\/elementor2.ameclexdir.com\/index.php\/wp-json\/wp\/v2\/categories?post=6663"},{"taxonomy":"post_tag","embeddable":true,"href":"https:\/\/elementor2.ameclexdir.com\/index.php\/wp-json\/wp\/v2\/tags?post=6663"}],"curies":[{"name":"wp","href":"https:\/\/api.w.org\/{rel}","templated":true}]}}