{"id":6693,"date":"2022-05-26T09:47:58","date_gmt":"2022-05-26T09:47:58","guid":{"rendered":"https:\/\/wecreatedesign.co\/dev\/WP\/amec\/?p=5717"},"modified":"2022-05-26T09:47:58","modified_gmt":"2022-05-26T09:47:58","slug":"el-director-general-damec-joan-tristany-rep-el-premi-a-la-innovacio-de-canal-ceo","status":"publish","type":"post","link":"https:\/\/elementor2.ameclexdir.com\/index.php\/2022\/05\/26\/el-director-general-damec-joan-tristany-rep-el-premi-a-la-innovacio-de-canal-ceo\/","title":{"rendered":"El director general d\u2019amec, Joan Tristany, rep el premi a la Innovaci\u00f3 de Canal CEO"},"content":{"rendered":"<div class=\"columna-contingut-int\">\n<div class=\"portletDetailNoticies\">\n<div class=\"amplada-pagina descripcion\">\n<p><strong>Barcelona, 27 de maig de 2022<\/strong>. El director general de\u00a0<strong><em>amec<\/em><\/strong>, Joan Tristany, ha estat reconegut amb el\u00a0<a href=\"https:\/\/canalceo.com\/dux-de-la-innovacion-joan-tristany\/\">premi DUX a la Innovaci\u00f3<\/a>\u00a0que atorga Canal CEO. Tristany va rebre el premi en una gala al Teatre Barcel\u00f3 de Madrid davant la pres\u00e8ncia de m\u00e9s de 130 persones de l&#8217;alta direcci\u00f3 del nou management.<\/p>\n<p>&nbsp;<\/p>\n<p><strong>\u201cCal que els l\u00edders de qualsevol empresa, sigui gran o petita, tinguin la capacitat de transformar\u201d<\/strong>, va afirmar Tristany en el discurs moments despr\u00e9s de rebre el guard\u00f3. En aquest sentit, es va mostrar especialment agra\u00eft per haver rebut un premi en l&#8217;\u00e0mbit de la innovaci\u00f3:\u00a0<strong>\u201cEn algun moment de la meva carrera alg\u00fa em va dir que la investigaci\u00f3 converteix els diners en coneixement i, la innovaci\u00f3, el coneixement en diners, per\u00f2 no \u00e9s aix\u00ed: cal innovar per convertir en coneixement en diners per\u00f2 tamb\u00e9 en benestar, igualtat\u2026\u201d<\/strong>. Aix\u00ed, es va dirigir a les persones directives presents,\u00a0<strong>\u201cpersones amb ganes de transformar, i continuar aquest cam\u00ed per construir una societat millor. Per\u00f2 hem de treballar per a aquest futur\u201d<\/strong>.<\/p>\n<p>&nbsp;<\/p>\n<p>Tristany tamb\u00e9 es va mostrar agra\u00eft a les persones que l&#8217;han inspirat al llarg de la seva traject\u00f2ria i a l&#8217;equip de la seva organitzaci\u00f3, especialment\u00a0<strong>\u201ca les que corregeixen i fan veure que cal agafar altres camins. Aquesta \u00e9s la base de la innovaci\u00f3\u201d<\/strong>.<\/p>\n<p>&nbsp;<\/p>\n<p>Joan Tristany \u00e9s Economista i Actuari per la Universitat de Barcelona i PDG per l&#8217;IESE. La seva carrera professional est\u00e0 lligada a les organitzacions empresarials i a\u00a0<strong><em>amec<\/em><\/strong>, entitat que dirigeix, promovent un Prop\u00f2sit amb el convenciment que poden ser instruments d&#8217;alt impacte transformador a la societat. Des d\u2019<strong><em>amec\u00a0<\/em><\/strong>impulsa el moviment\u00a0<a href=\"https:\/\/positiveindustry.org\/en\/\">Positive Industry<\/a>, que reuneix les empreses industrials compromeses amb un progr\u00e9s sostenible. Aquesta iniciativa reivindica que la ind\u00fastria sigui una aposta decidida en aquest pa\u00eds, i treballa per trobar el suport necessari per fer possible el canvi de model productiu, assegurant aix\u00ed el benestar i el progr\u00e9s.<\/p>\n<p>&nbsp;<\/p>\n<p>\u00c9s membre de l&#8217;Observatori de la Internacionalitzaci\u00f3, de la Comissi\u00f3 Consultiva de Negociacions Comercials Internacionals, de la Junta Directiva de l&#8217;Associaci\u00f3 Espanyola de Normalitzaci\u00f3 (UNE), aix\u00ed com dels Comit\u00e8s Organitzadors de diverses Fires industrials espanyoles, i del Comit\u00e8 d&#8217;Orientaci\u00f3 Estrat\u00e8gica de l\u2019ICEX.<\/p>\n<p>Relator al III Congr\u00e9s d&#8217;Economia i Empresa de Catalunya, ha estat conseller del Consell d&#8217;Administraci\u00f3 de l&#8217;ICEX, membre del Comit\u00e8 Executiu del COPCA, editor de la revista\u00a0<strong><em>amec Export<\/em><\/strong>\u00a0i\u00a0<strong><em>amecnews<\/em><\/strong>\u00a0i coautor de diverses publicacions relacionades amb la ind\u00fastria i la internacionalitzaci\u00f3.<\/p>\n<p>&nbsp;<\/p>\n<p><strong><em>amec\u00a0<\/em><\/strong><strong>impulsa los nuevos factores clave de competitividad en las empresas<\/strong><\/p>\n<p>La comunitat de les empreses industrials internacionalitzades\u00a0<strong><em>amec<\/em><\/strong>\u00a0impulsa els nous factors clau de competitivitat en les empreses de tot l\u2019Estat:\u00a0<a href=\"https:\/\/www.youtube.com\/watch?v=SDztjgsQdBk&amp;feature=youtu.be\"><strong>anticipaci\u00f3, adaptabilitat, col\u00b7laboraci\u00f3, glocalitzaci\u00f3 i sostenibilitat<\/strong><\/a>. S\u00f3n uns factors que estan esdevenint essencials en l\u2019actual situaci\u00f3 de crisi per l\u2019impacte de la Covid-19 en l\u2019activitat industrial del nostre pa\u00eds. Les empreses que formen part d\u2019<strong><em>amec<\/em><\/strong>\u00a0generen un volum d&#8217;exportaci\u00f3 superior als 6.200 milions d&#8217;euros, exporten una mitjana del 56,3% de la seva facturaci\u00f3 i inverteixen el 4,4% en innovaci\u00f3.<\/p>\n<p>&nbsp;<\/p>\n<p><strong>Per a m\u00e9s informaci\u00f3:<\/strong><\/p>\n<p>Gl\u00f2ria Ayuso<\/p>\n<p><a href=\"mailto:Gloria.ayuso@ga-binet.com\">Gloria.ayuso@ga-binet.com<\/a>\u00a0\u00a0Tel. 654609518<\/p>\n<\/div>\n<\/div>\n<div class=\"registre-accions amplada-pagina\">\n<div class=\"addthis_inline_share_toolbox\" data-url=\"https:\/\/www.amec.es\/ca\/pl191\/amecnews\/notas-de-prensa\/id1012\/el-director-general-de-amec-joan-tristany-recibe-el-premio-a-la-innovacion-de-canal-ceo.htm?fcat_191=378\" data-title=\"El director general d\u2019amec, Joan Tristany, rep el premi a la Innovaci\u00f3 de Canal CEO\" data-description=\"Barcelona, 27 de maig de 2022. El director general de amec, Joan Tristany, ha estat reconegut amb el premi DUX a la Innovaci\u00f3 que atorga Canal CEO. Tristany va rebre el premi en una gala al Teatre Barcel\u00f3 de Madrid davant la pres\u00e8ncia de m\u00e9s de 130 persones de l'alta direcci\u00f3 del nou management.\">\n<div id=\"atstbx\" class=\"at-resp-share-element at-style-responsive addthis-smartlayers addthis-animated at4-show\" role=\"region\" aria-labelledby=\"at-fbfa4593-1eb7-4bc2-b270-ce8a3778e8c4\">\n<p>&nbsp;<\/p>\n<div class=\"at-share-btn-elements\"><\/div>\n<\/div>\n<\/div>\n<\/div>\n<\/div>\n<div id=\"galeria-element_adicional\" class=\"galeria-amec-pag-15\">\n<h3 class=\"amplada-pagina title_with_yellow_after\">Galeria d&#8217;imatges<\/h3>\n<div class=\"gallery-controls\">\n<div class=\"gal-dot-control selected\" data-page=\"1\"><\/div>\n<div class=\"gal-dot-control\" data-page=\"2\"><\/div>\n<\/div>\n<\/div>\n<div class=\"galeria-amec-pag-15\">\n<div class=\"gallery-controls\">\n<div class=\"gal-dot-control selected\" data-page=\"1\"><\/div>\n<div class=\"gal-dot-control\" data-page=\"2\"><\/div>\n<\/div>\n<ul class=\"galeria-amec visualitza-box\">\n<li class=\"image-container column-image warea_31\"><a title=\"Dux_premios-joan-tristany-2.jpg\" href=\"https:\/\/www.amec.es\/media\/site1\/cache\/images\/dux-premios-joan-tristany-2-2.jpg\" target=\"_blank\" rel=\"gallery noopener\"><img fetchpriority=\"high\" decoding=\"async\" class=\"imatge-zoom\" src=\"http:\/\/wecreatedesign.co\/dev\/WP\/amec\/wp-content\/uploads\/2023\/03\/dux-premios-joan-tristany-2-2-redim-prop-w800-h500.jpg\" alt=\"Dux_premios-joan-tristany-2\" width=\"800\" height=\"500\" \/><\/a><\/li>\n<li class=\"image-container column-image warea_31\"><a title=\"FTctUY3WYAUKyG0.jpg\" href=\"https:\/\/www.amec.es\/media\/site1\/cache\/images\/ftctuy3wyaukyg0.jpg\" target=\"_blank\" rel=\"gallery noopener\"><img decoding=\"async\" class=\"imatge-zoom\" src=\"http:\/\/wecreatedesign.co\/dev\/WP\/amec\/wp-content\/uploads\/2023\/03\/ftctuy3wyaukyg0-redim-prop-w800-h500.jpg\" alt=\"FTctUY3WYAUKyG0\" width=\"800\" height=\"500\" \/><\/a><\/li>\n<li class=\"image-container column-image warea_31\"><a title=\"premios-dux.jpg\" href=\"https:\/\/www.amec.es\/media\/site1\/cache\/images\/premios-dux.jpg\" target=\"_blank\" rel=\"gallery noopener\"><img decoding=\"async\" class=\"imatge-zoom\" src=\"http:\/\/wecreatedesign.co\/dev\/WP\/amec\/wp-content\/uploads\/2023\/03\/premios-dux-redim-prop-w800-h500.jpg\" alt=\"premios-dux\" width=\"800\" height=\"500\" \/><\/a><\/li>\n<\/ul>\n<p><a title=\"Dux_premios-joan-tristany.jpg\" href=\"https:\/\/www.amec.es\/media\/site1\/cache\/images\/dux-premios-joan-tristany.jpg\" target=\"_blank\" rel=\"gallery noopener\"><img loading=\"lazy\" decoding=\"async\" class=\"imatge-zoom\" src=\"http:\/\/wecreatedesign.co\/dev\/WP\/amec\/wp-content\/uploads\/2023\/03\/dux-premios-joan-tristany-redim-prop-w800-h500.jpg\" alt=\"Dux_premios-joan-tristany\" width=\"800\" height=\"500\" \/><\/a><\/div>\n","protected":false},"excerpt":{"rendered":"<p>Barcelona, 27 de maig de 2022. El director general de\u00a0amec, Joan Tristany, ha estat reconegut amb el\u00a0premi DUX a la Innovaci\u00f3\u00a0que atorga Canal CEO. Tristany va rebre el premi en una gala al Teatre Barcel\u00f3 de Madrid davant la pres\u00e8ncia de m\u00e9s de 130 persones de l&#8217;alta direcci\u00f3 del nou management. &nbsp; \u201cCal que els [&hellip;]<\/p>\n","protected":false},"author":1,"featured_media":0,"comment_status":"open","ping_status":"open","sticky":false,"template":"","format":"standard","meta":{"inline_featured_image":false,"footnotes":""},"categories":[28],"tags":[],"class_list":["post-6693","post","type-post","status-publish","format-standard","hentry","category-notes-de-premsa"],"acf":[],"_links":{"self":[{"href":"https:\/\/elementor2.ameclexdir.com\/index.php\/wp-json\/wp\/v2\/posts\/6693","targetHints":{"allow":["GET"]}}],"collection":[{"href":"https:\/\/elementor2.ameclexdir.com\/index.php\/wp-json\/wp\/v2\/posts"}],"about":[{"href":"https:\/\/elementor2.ameclexdir.com\/index.php\/wp-json\/wp\/v2\/types\/post"}],"author":[{"embeddable":true,"href":"https:\/\/elementor2.ameclexdir.com\/index.php\/wp-json\/wp\/v2\/users\/1"}],"replies":[{"embeddable":true,"href":"https:\/\/elementor2.ameclexdir.com\/index.php\/wp-json\/wp\/v2\/comments?post=6693"}],"version-history":[{"count":0,"href":"https:\/\/elementor2.ameclexdir.com\/index.php\/wp-json\/wp\/v2\/posts\/6693\/revisions"}],"wp:attachment":[{"href":"https:\/\/elementor2.ameclexdir.com\/index.php\/wp-json\/wp\/v2\/media?parent=6693"}],"wp:term":[{"taxonomy":"category","embeddable":true,"href":"https:\/\/elementor2.ameclexdir.com\/index.php\/wp-json\/wp\/v2\/categories?post=6693"},{"taxonomy":"post_tag","embeddable":true,"href":"https:\/\/elementor2.ameclexdir.com\/index.php\/wp-json\/wp\/v2\/tags?post=6693"}],"curies":[{"name":"wp","href":"https:\/\/api.w.org\/{rel}","templated":true}]}}