{"id":6695,"date":"2022-07-13T09:56:38","date_gmt":"2022-07-13T09:56:38","guid":{"rendered":"https:\/\/wecreatedesign.co\/dev\/WP\/amec\/?p=5725"},"modified":"2022-07-13T09:56:38","modified_gmt":"2022-07-13T09:56:38","slug":"la-solidesa-de-la-internacionalitzacio-de-leconomia-espanyola-millora-un-491-el-2021-2","status":"publish","type":"post","link":"https:\/\/elementor2.ameclexdir.com\/index.php\/2022\/07\/13\/la-solidesa-de-la-internacionalitzacio-de-leconomia-espanyola-millora-un-491-el-2021-2\/","title":{"rendered":"La solidesa de la internacionalitzaci\u00f3 de l\u2019economia espanyola millora un 4,91% el 2021"},"content":{"rendered":"<ul>\n<li><strong>L&#8217;indicador de les exportacions, que es recuperen despr<\/strong><strong>\u00e9<\/strong><strong>s de la pand<\/strong><strong>\u00e8<\/strong><strong>mia, aix<\/strong><strong>\u00ed<\/strong><strong>\u00a0com el seu pes al PIB, impulsa l&#8217;ISI 2021.\u00a0<\/strong><strong>\u201c<\/strong><strong>La recuperaci<\/strong><strong>\u00f3<\/strong><strong>\u00a0el 2021 ha anat de la m<\/strong><strong>\u00e0<\/strong><strong>\u00a0de la ind<\/strong><strong>\u00fa<\/strong><strong>stria i el mercat exterior. De nou es valida la import\u00e0ncia del sector productiu com a garant d&#8217;una estabilitat m\u00e9s gran en temps de crisi\u201d, explica el director general d<em>&#8216;amec<\/em>, Joan Tristany.<\/strong><\/li>\n<li><strong>L&#8217;indicador de base exportadora millora notablement perqu\u00e8 augmenta el nombre d&#8217;empreses espanyoles exportadores respecte de les totals. Aquesta r\u00e0tio augmenta m\u00e9s a Espanya que entre els nostres principals competidors europeus.<\/strong><\/li>\n<li><strong>L&#8217;indicador de diversificaci<\/strong><strong>\u00f3<\/strong><strong>\u00a0sectorial t\u00e9 una evoluci\u00f3 positiva el 2021, ja que la concentraci\u00f3 que la pand\u00e8mia va provocar en alguns sectors (agroalimentari i qu\u00edmic) s&#8217;ha redu\u00eft.<\/strong><\/li>\n<li><strong>L&#8217;Indicador d&#8217;Intensitat Tecnol\u00f2gica avan\u00e7a el 2021 perqu\u00e8 el pes de les exportacions espanyoles d&#8217;alt nivell tecnol<\/strong><strong>\u00f2<\/strong><strong>gic sobre el total de les exportacions ha augmentat, si b<\/strong><strong>\u00e9<\/strong><strong>\u00a0cal seguir millorant, ha insistit el director general d&#8217;<em>amec<\/em>.<\/strong><\/li>\n<\/ul>\n<p><strong>Madrid, 13 de juliol de 2022<\/strong>. La solidesa de la internacionalitzaci\u00f3 de l&#8217;economia espanyola va millorar un 4,91% al llarg de 2021. Aix\u00ed ho indica l&#8217;\u00cdndex de Solidesa de la Internacionalitzaci\u00f3 (ISI), elaborat anualment per\u00a0<strong><em>amec<\/em><\/strong>, la comunitat de les empreses industrials internacionalitzades, que avalua un total de 19 indicadors. Aquest \u00edndex situa la solidesa de la internacionalitzaci\u00f3 als 7,351 sobre 10 el 2021, augmentant des dels 7,006 punts sobre 10 del 2020.<\/p>\n<p>&nbsp;<\/p>\n<p>Impulsen aquesta millora el bon comportament de l&#8217;Indicador de les Exportacions, que es recuperen despr\u00e9s de la pand\u00e8mia, aix\u00ed com l&#8217;Indicador del Pes de les Exportacions sobre el PIB.\u00a0<strong>\u201cLa recuperaci\u00f3 el 2021 ha anat de la m\u00e0 de la ind\u00fastria i el mercat exterior. De nou es valida la import\u00e0ncia del sector productiu com a garant d&#8217;una estabilitat m\u00e9s gran en temps de crisi\u201d<\/strong>, explica el director general d&#8217;<strong><em>amec<\/em><\/strong>, Joan Tristany. Aquest \u00e9s un dels motius pel qual\u00a0<strong><em>amec<\/em><\/strong>\u00a0treballa a favor del reconeixement de l&#8217;important paper que exerceix la ind\u00fastria, garant de progr\u00e9s, impulsant, entre altres accions, el moviment\u00a0<a href=\"https:\/\/positiveindustry.org\/\">Positive Industry<\/a>.<\/p>\n<p>&nbsp;<\/p>\n<p>Aix\u00ed mateix, l&#8217;Indicador de Base Exportadora millora notablement perqu\u00e8 augmenta el nombre d&#8217;empreses espanyoles exportadores respecte de les totals. Cal destacar que aquesta r\u00e0tio ha progressat m\u00e9s a Espanya que entre els nostres principals competidors europeus.<\/p>\n<p>&nbsp;<\/p>\n<p>Tot i millorar l&#8217;Indicador d&#8217;Inversi\u00f3 Estrangera, a causa de l&#8217;arribada de noves inversions a Espanya despr\u00e9s de la pand\u00e8mia, cau l&#8217;Indicador d&#8217;Inversi\u00f3 Espanyola Directa a l&#8217;Exterior.<\/p>\n<p>&nbsp;<\/p>\n<p>D&#8217;altra banda, l&#8217;Indicador de Diversificaci\u00f3 Sectorial ha millorat el 2021, ja que la concentraci\u00f3 que la pand\u00e8mia va provocar en alguns sectors (agroalimentari i qu\u00edmic) s&#8217;ha redu\u00eft considerablement. A aix\u00f2 cal afegir que la crisi de subministraments del 2021 va afectar negativament alguns dels sectors amb m\u00e9s concentraci\u00f3, com l&#8217;automobil\u00edstic.<\/p>\n<p>&nbsp;<\/p>\n<p><strong>Indicadors amb necessitat de millora<\/strong><\/p>\n<p><strong>\u00a0<\/strong><\/p>\n<p>L&#8217;ISI compta amb alguns indicadors febles: l\u2019Indicador de Diversificaci\u00f3 Empresarial, l\u2019Indicador d&#8217;Intensitat Tecnol\u00f2gica, el d\u2019Inversi\u00f3 P\u00fablica, el d\u2019Inversi\u00f3 a l&#8217;Exterior i l\u2019Indicador de Barreres. L&#8217;indicador d&#8217;intensitat tecnol\u00f2gica millora el 2021 perqu\u00e8 el pes de les exportacions espanyoles d&#8217;alt nivell tecnol\u00f2gic sobre el total de les exportacions ha augmentat. Es tracta d&#8217;un petit aven\u00e7 sobre el qual cal continuar treballant:\u00a0<strong>\u201cPer a que la ind\u00fastria espanyola internacionalitzada pugui continuar aportant en el futur estabilitat a la nostra economia hem de garantir que es tracta d&#8217;una ind\u00fastria i una internacionalitzaci\u00f3 innovadora, que ens asseguri continuar participant \u00e0mpliament en les cadenes de valor global\u201d<\/strong>, ha afegit Tristany.<\/p>\n<p>&nbsp;<\/p>\n<p>En aquest sentit, l&#8217;Indicador d&#8217;Inversi\u00f3 P\u00fablica destinada a la internacionalitzaci\u00f3 millora lleugerament despr\u00e9s de dos anys d&#8217;estancament. Tot i aix\u00f2,\u00a0<strong>&#8220;la inversi\u00f3 continua trobant-se un 200% per sota de la del pressupost de 2008&#8221;<\/strong>, ha explicat el director general d&#8217;<strong><em>amec<\/em><\/strong>, que ha incidit en la necessitat de transformar les actuals eines de foment a la internacionalitzaci\u00f3 i\u00a0<strong>&#8220;oferir a les empreses les noves eines necess\u00e0ries perqu\u00e8 puguin virar cap al nou model, que \u00e9s diferent del que ten\u00edem fins ara, i que es basa en una pres\u00e8ncia als mercats tant f\u00edsica com digital\u201d<\/strong>.<\/p>\n<p>&nbsp;<\/p>\n<p>D&#8217;altra banda, l&#8217;Indicador de Barreres, ja en m\u00ednims el 2020, va empitjorar encara m\u00e9s el 2021 pel fet que les dificultats de les empreses per desenvolupar la seva activitat internacional continuen augmentant, davant els problemes de subministraments i l&#8217;augment de preus de les mat\u00e8ries primeres.<\/p>\n<p>&nbsp;<\/p>\n<p>L&#8217;ISI, \u00edndex creat per\u00a0<strong><em>amec<\/em><\/strong>\u00a0el 2015 i que s&#8217;actualitza cada any, t\u00e9 com a objectiu recollir de manera sint\u00e8tica la fortalesa i la robustesa de la internacionalitzaci\u00f3 i observar-ne l&#8217;evoluci\u00f3. Anteriorment, la internacionalitzaci\u00f3 s&#8217;havia mesurat separadament a partir d&#8217;aspectes com el volum d&#8217;exportacions, la diversificaci\u00f3 de les destinacions, el nombre d&#8217;empreses exportadores o el nivell tecnol\u00f2gic de les exportacions. Per\u00f2 hi faltava una visi\u00f3 global, un \u00edndex sist\u00e8mic. D&#8217;aquesta manera, l&#8217;ISI avalua un total de 19 indicadors, com ara el nombre d&#8217;empreses exportadores regulars i de les implantades a l&#8217;exterior, la concentraci\u00f3 empresarial i sectorial de les exportacions, les pimes exportadores, la variaci\u00f3 de les exportacions, el pes de aquestes al PIB, la quota de les exportacions mundials, la inversi\u00f3 a l&#8217;exterior i la inversi\u00f3 estrangera, la diversificaci\u00f3 geogr\u00e0fica de les exportacions i de la inversi\u00f3, el nivell tecnol\u00f2gic de les exportacions, la variaci\u00f3 de preus d&#8217;aquestes, la participaci\u00f3 en les cadenes de valor internacionals, els instruments financers per a la internacionalitzaci\u00f3, els establiments a l&#8217;exterior, el pressupost p\u00fablic per a la internacionalitzaci\u00f3 i les barreres a l&#8217;exportaci\u00f3.<\/p>\n<p>&nbsp;<\/p>\n<p><strong><em>amec\u00a0<\/em><\/strong><strong>impulsa els nous factors clau de competitivitat en les empreses<\/strong><\/p>\n<p>La comunitat de les empreses industrials internacionalitzades\u00a0<strong><em>amec<\/em><\/strong>\u00a0impulsa els nous factors clau de competitivitat en les empreses de tot l\u2019Estat:\u00a0<a href=\"https:\/\/www.youtube.com\/watch?v=SDztjgsQdBk&amp;feature=youtu.be\"><strong>anticipaci\u00f3, adaptabilitat, col<\/strong><strong>\u00b7<\/strong><strong>laboraci<\/strong><strong>\u00f3<\/strong><strong>, glocalitzaci<\/strong><strong>\u00f3<\/strong><strong>\u00a0i sostenibilitat<\/strong><\/a>. S\u00f3n uns factors que estan esdevenint essencials en l\u2019actual situaci\u00f3 de crisi per l\u2019impacte de la Covid-19 en l\u2019activitat industrial del nostre pa\u00eds. Les empreses que formen part d\u2019<strong><em>amec<\/em><\/strong>\u00a0generen un volum d&#8217;exportaci\u00f3 superior als 6.200 milions d&#8217;euros, exporten una mitjana del 56,3% de la seva facturaci\u00f3 i inverteixen el 4,4% en innovaci\u00f3.<\/p>\n<p>&nbsp;<\/p>\n<p>&nbsp;<\/p>\n<p><strong>Per a m\u00e9s informaci\u00f3:<\/strong><\/p>\n<p>Gl\u00f2ria Ayuso\u00a0<a href=\"mailto:Gloria.ayuso@ga-binet.com\">Gloria.ayuso@ga-binet.com<\/a><\/p>\n<p>Tel. 654609518<\/p>\n","protected":false},"excerpt":{"rendered":"<p>L&#8217;indicador de les exportacions, que es recuperen despr\u00e9s de la pand\u00e8mia, aix\u00ed\u00a0com el seu pes al PIB, impulsa l&#8217;ISI 2021.\u00a0\u201cLa recuperaci\u00f3\u00a0el 2021 ha anat de la m\u00e0\u00a0de la ind\u00fastria i el mercat exterior. De nou es valida la import\u00e0ncia del sector productiu com a garant d&#8217;una estabilitat m\u00e9s gran en temps de crisi\u201d, explica el [&hellip;]<\/p>\n","protected":false},"author":1,"featured_media":0,"comment_status":"open","ping_status":"open","sticky":false,"template":"","format":"standard","meta":{"inline_featured_image":false,"footnotes":""},"categories":[28],"tags":[],"class_list":["post-6695","post","type-post","status-publish","format-standard","hentry","category-notes-de-premsa"],"acf":[],"_links":{"self":[{"href":"https:\/\/elementor2.ameclexdir.com\/index.php\/wp-json\/wp\/v2\/posts\/6695","targetHints":{"allow":["GET"]}}],"collection":[{"href":"https:\/\/elementor2.ameclexdir.com\/index.php\/wp-json\/wp\/v2\/posts"}],"about":[{"href":"https:\/\/elementor2.ameclexdir.com\/index.php\/wp-json\/wp\/v2\/types\/post"}],"author":[{"embeddable":true,"href":"https:\/\/elementor2.ameclexdir.com\/index.php\/wp-json\/wp\/v2\/users\/1"}],"replies":[{"embeddable":true,"href":"https:\/\/elementor2.ameclexdir.com\/index.php\/wp-json\/wp\/v2\/comments?post=6695"}],"version-history":[{"count":0,"href":"https:\/\/elementor2.ameclexdir.com\/index.php\/wp-json\/wp\/v2\/posts\/6695\/revisions"}],"wp:attachment":[{"href":"https:\/\/elementor2.ameclexdir.com\/index.php\/wp-json\/wp\/v2\/media?parent=6695"}],"wp:term":[{"taxonomy":"category","embeddable":true,"href":"https:\/\/elementor2.ameclexdir.com\/index.php\/wp-json\/wp\/v2\/categories?post=6695"},{"taxonomy":"post_tag","embeddable":true,"href":"https:\/\/elementor2.ameclexdir.com\/index.php\/wp-json\/wp\/v2\/tags?post=6695"}],"curies":[{"name":"wp","href":"https:\/\/api.w.org\/{rel}","templated":true}]}}