{"id":6702,"date":"2023-03-01T07:02:27","date_gmt":"2023-03-01T07:02:27","guid":{"rendered":"https:\/\/wecreatedesign.co\/dev\/WP\/amec\/?p=4368"},"modified":"2023-03-01T07:02:27","modified_gmt":"2023-03-01T07:02:27","slug":"amec-crea-la-nova-comissio-de-talent-davant-del-seu-caracter-estrategic","status":"publish","type":"post","link":"https:\/\/elementor2.ameclexdir.com\/index.php\/2023\/03\/01\/amec-crea-la-nova-comissio-de-talent-davant-del-seu-caracter-estrategic\/","title":{"rendered":"amec crea la nova Comissi\u00f3 de Talent davant del seu car\u00e0cter estrat\u00e8gic"},"content":{"rendered":"<p>El grup de networking de Talent, creat el juny de 2020, s&#8217;ha convertit en la nova\u00a0<strong>Comissi\u00f3 de Talent\u00a0<em>d&#8217;amec,<\/em><\/strong>\u00a0davant del seu car\u00e0cter estrat\u00e8gic en la nova competitivitat de les empreses industrials. Aquest mes de maig s&#8217;ha constitu\u00eft la comissi\u00f3, que t\u00e9 com a presidenta la\u00a0<strong>directora general de COATRESA, Ariadna Mar\u00edn.<\/strong><\/p>\n<p>La comissi\u00f3 est\u00e0 formada per 13 membres de la comunitat industrial d&#8217;<em><strong>amec<\/strong><\/em>. Els integrants de la comissi\u00f3 destaquen que l&#8217;intercanvi d&#8217;experi\u00e8ncies ha ajudat notablement a millorar en les seves respectives empreses en les \u00e0rees relacionades amb el talent, la seva captaci\u00f3 i la relaci\u00f3 amb les persones. Des d&#8217;aquest grup es pret\u00e9n fer extensible aquesta ajuda a tota la comunitat, abordant les necessitats m\u00e9s urgents de les empreses industrials, i aportant des d&#8217;<em><strong>amec<\/strong><\/em>\u00a0formacions, xerrades i informaci\u00f3 a tots els membres. La comissi\u00f3 t\u00e9 a m\u00e9s com a missi\u00f3 observar les tend\u00e8ncies en les noves generacions i cap a on evolucionen els RRHH i l&#8217;evoluci\u00f3 futura de la feina, per tal de no nom\u00e9s adaptar-se sin\u00f3 fins i tot avan\u00e7ar-se mitjan\u00e7ant la inclusi\u00f3 d&#8217;aquestes noves tend\u00e8ncies.<\/p>\n<p>Fins al moment, s&#8217;han analitzat els temes que preocupen m\u00e9s les empreses industrials, com s\u00f3n:<\/p>\n<ul>\n<li><strong>El relleu generacional<\/strong><\/li>\n<li><strong>El employer branding i la conservaci\u00f3 de talent.<\/strong>\u00a0En aquesta sessi\u00f3, es va presentar com a bona pr\u00e0ctica el cas de l&#8217;empresa d&#8217;<em><strong>amec<\/strong><\/em>\u00a0Volpak.<\/li>\n<li><strong>Lideratge i la capacitaci\u00f3 sobre lideratge.<\/strong>\u00a0Fruit d&#8217;aquest debat,<em><strong>\u00a0amec<\/strong><\/em>\u00a0va desenvolupar i va comen\u00e7ar a impartir per als seus membres el Curs de Lideratge per a T\u00e8cnics, a causa de la necessitat expressada pels membres d&#8217;aquesta comissi\u00f3. El curs ha tingut un grand\u00edssim \u00e8xit, i s&#8217;ha convocat ja una\u00a0<a href=\"https:\/\/www.amec.es\/ca\/pl102\/agenda\/id47\/liderazgo-para-tecnicos-formacion-online.htm\" target=\"_blank\" rel=\"noopener\">nova edici\u00f3 per aquest mes de juny<\/a>.\u00a0<em><strong>amec<\/strong><\/em>\u00a0ofereix a m\u00e9s aquesta\u00a0<a href=\"https:\/\/www.amec.es\/ca\/pl189\/amecnews\/cronicas\/id702\/amec-imparte-la-formacion-adaptada-a-cada-empresa.htm?fcat_189=377\" target=\"_blank\" rel=\"noopener\">formaci\u00f3 adaptada per a cada empresa<\/a>.<\/li>\n<li><strong>Soft skills i captaci\u00f3 de talent t\u00e8cnic,<\/strong>\u00a0els nous valors i la gesti\u00f3 emocional. Aquest quart punt s&#8217;ha tractat en l&#8217;\u00faltima trobada.<\/li>\n<\/ul>\n<p>Aquest \u00faltim punt de la nova Comissi\u00f3 de Talent tamb\u00e9 va servir per expressar la preocupaci\u00f3 que tenen les empreses per mobilitzar el personal a l&#8217;exterior, tant comercials com t\u00e8cnics, per a muntatges i posades en marxa. Els requisits de cada pa\u00eds fan perdre molt temps als departaments de RRHH i a les persones que viatgen. El passaport sanitari pot ser una soluci\u00f3 o anar en contra si a Catalunya i Espanya se segueix vacunant m\u00e9s lentament que als pa\u00efsos de la compet\u00e8ncia. Tot i aix\u00f2, els membres van remarcar que la incid\u00e8ncia de casos de Covid est\u00e0 sent menor en les empreses, ja que les mesures de seguretat implementades estan funcionant.<\/p>\n","protected":false},"excerpt":{"rendered":"<p>El grup de networking de Talent, creat el juny de 2020, s&#8217;ha convertit en la nova\u00a0Comissi\u00f3 de Talent\u00a0d&#8217;amec,\u00a0davant del seu car\u00e0cter estrat\u00e8gic en la nova competitivitat de les empreses industrials. Aquest mes de maig s&#8217;ha constitu\u00eft la comissi\u00f3, que t\u00e9 com a presidenta la\u00a0directora general de COATRESA, Ariadna Mar\u00edn. La comissi\u00f3 est\u00e0 formada per 13 [&hellip;]<\/p>\n","protected":false},"author":1,"featured_media":4371,"comment_status":"open","ping_status":"open","sticky":false,"template":"","format":"standard","meta":{"inline_featured_image":false,"footnotes":""},"categories":[30],"tags":[],"class_list":["post-6702","post","type-post","status-publish","format-standard","has-post-thumbnail","hentry","category-croniques"],"acf":[],"_links":{"self":[{"href":"https:\/\/elementor2.ameclexdir.com\/index.php\/wp-json\/wp\/v2\/posts\/6702","targetHints":{"allow":["GET"]}}],"collection":[{"href":"https:\/\/elementor2.ameclexdir.com\/index.php\/wp-json\/wp\/v2\/posts"}],"about":[{"href":"https:\/\/elementor2.ameclexdir.com\/index.php\/wp-json\/wp\/v2\/types\/post"}],"author":[{"embeddable":true,"href":"https:\/\/elementor2.ameclexdir.com\/index.php\/wp-json\/wp\/v2\/users\/1"}],"replies":[{"embeddable":true,"href":"https:\/\/elementor2.ameclexdir.com\/index.php\/wp-json\/wp\/v2\/comments?post=6702"}],"version-history":[{"count":0,"href":"https:\/\/elementor2.ameclexdir.com\/index.php\/wp-json\/wp\/v2\/posts\/6702\/revisions"}],"wp:featuredmedia":[{"embeddable":true,"href":"https:\/\/elementor2.ameclexdir.com\/index.php\/wp-json\/wp\/v2\/media\/4371"}],"wp:attachment":[{"href":"https:\/\/elementor2.ameclexdir.com\/index.php\/wp-json\/wp\/v2\/media?parent=6702"}],"wp:term":[{"taxonomy":"category","embeddable":true,"href":"https:\/\/elementor2.ameclexdir.com\/index.php\/wp-json\/wp\/v2\/categories?post=6702"},{"taxonomy":"post_tag","embeddable":true,"href":"https:\/\/elementor2.ameclexdir.com\/index.php\/wp-json\/wp\/v2\/tags?post=6702"}],"curies":[{"name":"wp","href":"https:\/\/api.w.org\/{rel}","templated":true}]}}