{"id":6828,"date":"2023-10-04T18:03:26","date_gmt":"2023-10-04T18:03:26","guid":{"rendered":"https:\/\/elementor2.ameclexdir.com\/?p=6828"},"modified":"2023-10-18T18:06:43","modified_gmt":"2023-10-18T18:06:43","slug":"amec-y-aer-automation-acuerdan-trabajar-conjuntamente-por-la-competitividad-de-las-empresas-industriales","status":"publish","type":"post","link":"https:\/\/elementor2.ameclexdir.com\/index.php\/2023\/10\/04\/amec-y-aer-automation-acuerdan-trabajar-conjuntamente-por-la-competitividad-de-las-empresas-industriales\/","title":{"rendered":"amec y AER Automation acuerdan trabajar conjuntamente por la competitividad de las empresas industriales"},"content":{"rendered":"<div class=\"amplada-pagina fecha_pub\"><strong>4 de octubre de 2023<\/strong><\/div>\n<div class=\"amplada-pagina descripcion\">\n<p>El presidente de <strong><em>amec<\/em><\/strong>, Pere Relats, y el presidente de la Asociaci\u00f3n Espa\u00f1ola de Rob\u00f3tica y Automatizaci\u00f3n (<strong>AER Automation<\/strong>), Salvador Gir\u00f3, han firmado un acuerdo para impulsar la colaboraci\u00f3n y la transferencia de conocimiento entre las empresas de ambas comunidades empresariales. El objetivo es incentivar la competitividad industrial y promover la innovaci\u00f3n de las empresas que las integran.<\/p>\n<p>Para ello desarrollar\u00e1n acciones conjuntas, como eventos, formaciones y proyectos, entre los cuales se incluye una jornada en el corto plazo para explicar la importancia estrat\u00e9gica de este acuerdo de colaboraci\u00f3n entre la principal asociaci\u00f3n de rob\u00f3tica y automatizaci\u00f3n espa\u00f1ola y la principal comunidad de empresas industriales internacionalizadas. Para la efectiva colaboraci\u00f3n de ambas entidades, se ha establecido un comit\u00e9 de trabajo conjunto que se reunir\u00e1 peri\u00f3dicamente para tratar los temas m\u00e1s acuciantes de los asociados de ambas comunidades.<\/p>\n<p>El presidente de <strong>AER Automation<\/strong> ha declarado tras la firma del acuerdo: \u201cQue el principal vertical de empresas industriales y el principal transversal de automatizaci\u00f3n del pa\u00eds se encontraran era casi un imperativo, y hace m\u00e1s de un a\u00f1o que empezamos a abordar el acuerdo, que no se quedar\u00e1 en una mera declaraci\u00f3n de intenciones, sino que va a verse plasmado en proyectos concretos sobre la triple base de la competitividad, el talento y la sostenibilidad\u201d.<\/p>\n<p>El presidente de <strong><em>amec<\/em><\/strong> considera que la colaboraci\u00f3n entre ambas entidades generar\u00e1 un alto impacto a los asociados ya que \u201cFormamos parte de diferentes puntos de la cadena de suministro de fabricaci\u00f3n industrial, esto nos lleva a ser colaboradores por naturaleza. Es importante que mantengamos en el punto de mira l\u00edneas de acci\u00f3n que ayuden a las empresas a ser m\u00e1s competitivas en un entorno de incertidumbre total\u201d.<\/p>\n<p>Ambas organizaciones contemplan adem\u00e1s impulsar tanto cursos de capacitaci\u00f3n como colaborar en proyectos conjuntos, para responder a las necesidades de sus empresas miembro. <strong>AER Automation<\/strong> se adherir\u00e1 al movimiento Positive Industry de <strong><em>amec<\/em><\/strong> y dise\u00f1ar\u00e1 propuestas a medida espec\u00edficamente para la comunidad de <strong><em>amec<\/em><\/strong> dirigidas especialmente a la tem\u00e1tica de la rob\u00f3tica y automatizaci\u00f3n industrial y de las oportunidades que esta ofrece en la producci\u00f3n. Otros temas que ambas organizaciones ofrecer\u00e1n y abordar\u00e1n conjuntamente ser\u00e1n productos colaborativos de prospectiva.<\/p>\n<p><strong><a href=\"https:\/\/www.amec.es\/colab\" data-href=\"https:\/\/www.amec.es\/colab\">\u00a0<\/a><\/strong><\/p>\n<p>Sobre <strong><em>amec<\/em><\/strong> y <strong>AER:<\/strong><\/p>\n<p><strong>AER Automation<\/strong> es una asociaci\u00f3n sin \u00e1nimo de lucro nacida en 1985 y que agrupa a los principales actores de la cadena de valor de la automatizaci\u00f3n y la rob\u00f3tica industrial, de servicio y educativa. Su misi\u00f3n es promover la competitividad del tejido productivo espa\u00f1ol mediante tecnolog\u00edas de rob\u00f3tica y automatizaci\u00f3n, as\u00ed como establecer una agenda estrat\u00e9gica sostenible para afrontar los retos de futuro y garantizar un acceso fluido de talento joven cualificado a la industria 4.0, impulsando tambi\u00e9n la recualificaci\u00f3n del talento senior. AER es miembro fundador de la Federaci\u00f3n Internacional de Rob\u00f3tica (IFR, 1987), y desde 2022 miembro de CEOE, representando en la confederaci\u00f3n a los sectores de la rob\u00f3tica y la automatizaci\u00f3n espa\u00f1oles.<\/p>\n<p>La comunidad de las empresas industriales internacionalizadas <strong><em>amec<\/em><\/strong> impulsa los nuevos factores clave de competitividad en las empresas espa\u00f1olas: anticipaci\u00f3n, adaptabilidad, colaboraci\u00f3n, globalizaci\u00f3n y sostenibilidad. Las empresas que forman parte de amec generan un volumen de exportaci\u00f3n superior a los 6.200 millones de euros, exportan por t\u00e9rmino medio el 56,3% de su facturaci\u00f3n e invierten el 4,4% en innovaci\u00f3n.<\/p>\n<p>Para m\u00e1s informaci\u00f3n:<\/p>\n<p><strong>Alejandro Gallego<br \/>\nagallego@amec.es<\/strong><\/p>\n<\/div>\n","protected":false},"excerpt":{"rendered":"<p>4 de octubre de 2023 El presidente de amec, Pere Relats, y el presidente de la Asociaci\u00f3n Espa\u00f1ola de Rob\u00f3tica y Automatizaci\u00f3n (AER Automation), Salvador Gir\u00f3, han firmado un acuerdo para impulsar la colaboraci\u00f3n y la transferencia de conocimiento entre las empresas de ambas comunidades empresariales. El objetivo es incentivar la competitividad industrial y promover [&hellip;]<\/p>\n","protected":false},"author":1,"featured_media":6833,"comment_status":"open","ping_status":"open","sticky":false,"template":"","format":"standard","meta":{"inline_featured_image":false,"footnotes":""},"categories":[38],"tags":[],"class_list":["post-6828","post","type-post","status-publish","format-standard","has-post-thumbnail","hentry","category-notas-de-prensa"],"acf":[],"_links":{"self":[{"href":"https:\/\/elementor2.ameclexdir.com\/index.php\/wp-json\/wp\/v2\/posts\/6828","targetHints":{"allow":["GET"]}}],"collection":[{"href":"https:\/\/elementor2.ameclexdir.com\/index.php\/wp-json\/wp\/v2\/posts"}],"about":[{"href":"https:\/\/elementor2.ameclexdir.com\/index.php\/wp-json\/wp\/v2\/types\/post"}],"author":[{"embeddable":true,"href":"https:\/\/elementor2.ameclexdir.com\/index.php\/wp-json\/wp\/v2\/users\/1"}],"replies":[{"embeddable":true,"href":"https:\/\/elementor2.ameclexdir.com\/index.php\/wp-json\/wp\/v2\/comments?post=6828"}],"version-history":[{"count":1,"href":"https:\/\/elementor2.ameclexdir.com\/index.php\/wp-json\/wp\/v2\/posts\/6828\/revisions"}],"predecessor-version":[{"id":6835,"href":"https:\/\/elementor2.ameclexdir.com\/index.php\/wp-json\/wp\/v2\/posts\/6828\/revisions\/6835"}],"wp:featuredmedia":[{"embeddable":true,"href":"https:\/\/elementor2.ameclexdir.com\/index.php\/wp-json\/wp\/v2\/media\/6833"}],"wp:attachment":[{"href":"https:\/\/elementor2.ameclexdir.com\/index.php\/wp-json\/wp\/v2\/media?parent=6828"}],"wp:term":[{"taxonomy":"category","embeddable":true,"href":"https:\/\/elementor2.ameclexdir.com\/index.php\/wp-json\/wp\/v2\/categories?post=6828"},{"taxonomy":"post_tag","embeddable":true,"href":"https:\/\/elementor2.ameclexdir.com\/index.php\/wp-json\/wp\/v2\/tags?post=6828"}],"curies":[{"name":"wp","href":"https:\/\/api.w.org\/{rel}","templated":true}]}}