{"id":6844,"date":"2023-09-26T07:36:23","date_gmt":"2023-09-26T07:36:23","guid":{"rendered":"https:\/\/elementor2.ameclexdir.com\/?p=6844"},"modified":"2023-11-03T21:39:26","modified_gmt":"2023-11-03T21:39:26","slug":"nueva-normativa-en-el-alta-en-la-ss-para-personas-desplazadas-en-el-extranjero","status":"publish","type":"post","link":"https:\/\/elementor2.ameclexdir.com\/index.php\/2023\/09\/26\/nueva-normativa-en-el-alta-en-la-ss-para-personas-desplazadas-en-el-extranjero\/","title":{"rendered":"Nueva normativa en el alta en la SS para personas desplazadas en el extranjero"},"content":{"rendered":"<div class=\"portletDetailNoticies\">\n<div class=\"amplada-pagina fecha_pub\">26 de septiembre de 2023<\/div>\n<div class=\"amplada-pagina descripcion\">\n<p><strong><u>NUEVA ORDEN ISM\/835\/2023 QUE REGULA LA SITUACI\u00d3N ASIMILADA AL ALTA EN LA S.S PARA TRABAJADORES DESPLAZADOS AL EXTRANJERO<\/u><\/strong><u><\/u><\/p>\n<p>El pasado s\u00e1bado 22 de julio, se public\u00f3 en el BOE la Orden ISM\/835\/2023, que regula la situaci\u00f3n asimilada al alta en el sistema de la Seguridad Social para personas trabajadoras desplazadas al extranjero al servicio de empresas operando en territorio espa\u00f1ol.<\/p>\n<p>Con el aumento de la internacionalizaci\u00f3n de empresas y el desplazamiento de trabajadores al exterior, las regulaciones anteriores del Ministerio de Trabajo de 1982 hab\u00edan quedado obsoletas.<\/p>\n<p>En este art\u00edculo, exploraremos los detalles clave de esta orden y su impacto en las estrategias de expatriaci\u00f3n.<\/p>\n<p><strong>Supuestos de Situaci\u00f3n Asimilada a la de Alta en el R\u00e9gimen de la Seguridad Social:<\/strong>\u00a0De acuerdo con el art\u00edculo 3 de la Orden ISM\/835\/2023, los supuestos de situaci\u00f3n asimilada a la de alta en el r\u00e9gimen de la Seguridad Social son los siguientes:<\/p>\n<ol start=\"1\" type=\"1\">\n<li><strong>Desplazamiento a Pa\u00edses Sin Instrumento Internacional:<\/strong>\u00a0Si una persona trabajadora es desplazada a un pa\u00eds donde no se aplique ning\u00fan instrumento internacional de coordinaci\u00f3n de sistemas de Seguridad Social.<\/li>\n<li><strong>Desplazamiento a Pa\u00edses Excluidos del \u00c1mbito de Aplicaci\u00f3n:<\/strong>\u00a0Cuando una persona trabajadora es enviada a un pa\u00eds donde s\u00ed existe un instrumento internacional, pero este no incluye a trabajadores extranjeros en su \u00e1mbito de aplicaci\u00f3n.<\/li>\n<li><strong>Desplazamiento con Legislaci\u00f3n de Seguridad Social del Pa\u00eds de Origen:<\/strong>\u00a0En casos donde el instrumento internacional permita la aplicaci\u00f3n de la legislaci\u00f3n de Seguridad Social del pa\u00eds de origen durante el desplazamiento, despu\u00e9s de agotar el periodo m\u00e1ximo de duraci\u00f3n.<\/li>\n<li><strong>Desplazamiento a Pa\u00edses Sin Figura de Desplazamiento de Trabajadores:<\/strong> Si el pa\u00eds de destino no contempla la figura de desplazamiento de trabajadores por empresas extranjeras.<strong><br \/>\n<\/strong><\/li>\n<\/ol>\n<p>Esta<strong>\u00a0<\/strong>nueva Orden entrar\u00e1 en vigor el 1 de noviembre de 2023 y se ha establecido un r\u00e9gimen transitorio para facilitar la adaptaci\u00f3n de las empresas y trabajadores a los cambios normativos.<\/p>\n<p>La Orden ISM\/835\/2023 representa un cambio significativo en las opciones disponibles para la expatriaci\u00f3n de trabajadores y ofrece nuevas oportunidades para dise\u00f1ar estrategias de desplazamiento al extranjero.<\/p>\n<p>Las novedades de esta Orden se comentaran en detalle en el <a href=\"https:\/\/www.amec.es\/es\/pl102\/agenda\/id329\/desplazamiento-de-trabajadores-en-el-extranjero-aspectos-migratorios-laborales-y-fiscales.htm\" target=\"_blank\" rel=\"noopener\"><strong>webinar que tendr\u00e1 lugar en el mes de noviembre<\/strong><\/a>.<\/p>\n<p><span lang=\"ca\">En ExpatFeliu estamos disponibles para asesorar en esta nueva normativa y en analizar de forma personalitzada la situaci\u00f3n de cada expatriado en base a esta orden as\u00ed como de dise\u00f1ar la mejor estrategia de expatriaci\u00f3n para los nuevos desplazamientos.<\/span><\/p>\n<p>&nbsp;<\/p>\n<p><span lang=\"ca\"><img decoding=\"async\" src=\"https:\/\/www.amec.es\/media\/site1\/cache\/images\/montserrat-feliu-redim-w164-h164.jpg\" alt=\"Montserrat-Feliu.jpg\" width=\"164\" height=\"164\" \/><\/span><\/p>\n<\/div>\n<div class=\"amplada-pagina experto\"><strong>Montserrat Feliu. Managing Partner en FELIU N&amp;I<\/strong><\/div>\n<\/div>\n<div class=\"registre-accions amplada-pagina\"><\/div>\n","protected":false},"excerpt":{"rendered":"<p>26 de septiembre de 2023 NUEVA ORDEN ISM\/835\/2023 QUE REGULA LA SITUACI\u00d3N ASIMILADA AL ALTA EN LA S.S PARA TRABAJADORES DESPLAZADOS AL EXTRANJERO El pasado s\u00e1bado 22 de julio, se public\u00f3 en el BOE la Orden ISM\/835\/2023, que regula la situaci\u00f3n asimilada al alta en el sistema de la Seguridad Social para personas trabajadoras desplazadas [&hellip;]<\/p>\n","protected":false},"author":1,"featured_media":8247,"comment_status":"open","ping_status":"open","sticky":false,"template":"","format":"standard","meta":{"inline_featured_image":false,"footnotes":""},"categories":[35],"tags":[],"class_list":["post-6844","post","type-post","status-publish","format-standard","has-post-thumbnail","hentry","category-articulos-de-expertos"],"acf":[],"_links":{"self":[{"href":"https:\/\/elementor2.ameclexdir.com\/index.php\/wp-json\/wp\/v2\/posts\/6844","targetHints":{"allow":["GET"]}}],"collection":[{"href":"https:\/\/elementor2.ameclexdir.com\/index.php\/wp-json\/wp\/v2\/posts"}],"about":[{"href":"https:\/\/elementor2.ameclexdir.com\/index.php\/wp-json\/wp\/v2\/types\/post"}],"author":[{"embeddable":true,"href":"https:\/\/elementor2.ameclexdir.com\/index.php\/wp-json\/wp\/v2\/users\/1"}],"replies":[{"embeddable":true,"href":"https:\/\/elementor2.ameclexdir.com\/index.php\/wp-json\/wp\/v2\/comments?post=6844"}],"version-history":[{"count":1,"href":"https:\/\/elementor2.ameclexdir.com\/index.php\/wp-json\/wp\/v2\/posts\/6844\/revisions"}],"predecessor-version":[{"id":6849,"href":"https:\/\/elementor2.ameclexdir.com\/index.php\/wp-json\/wp\/v2\/posts\/6844\/revisions\/6849"}],"wp:featuredmedia":[{"embeddable":true,"href":"https:\/\/elementor2.ameclexdir.com\/index.php\/wp-json\/wp\/v2\/media\/8247"}],"wp:attachment":[{"href":"https:\/\/elementor2.ameclexdir.com\/index.php\/wp-json\/wp\/v2\/media?parent=6844"}],"wp:term":[{"taxonomy":"category","embeddable":true,"href":"https:\/\/elementor2.ameclexdir.com\/index.php\/wp-json\/wp\/v2\/categories?post=6844"},{"taxonomy":"post_tag","embeddable":true,"href":"https:\/\/elementor2.ameclexdir.com\/index.php\/wp-json\/wp\/v2\/tags?post=6844"}],"curies":[{"name":"wp","href":"https:\/\/api.w.org\/{rel}","templated":true}]}}