{"id":6873,"date":"2022-07-21T09:13:13","date_gmt":"2022-07-21T09:13:13","guid":{"rendered":"https:\/\/elementor2.ameclexdir.com\/?p=6873"},"modified":"2023-10-19T09:14:58","modified_gmt":"2023-10-19T09:14:58","slug":"como-se-realizan-las-proyecciones-sobre-el-futuro","status":"publish","type":"post","link":"https:\/\/elementor2.ameclexdir.com\/index.php\/2022\/07\/21\/como-se-realizan-las-proyecciones-sobre-el-futuro\/","title":{"rendered":"\u00bfC\u00f3mo se realizan las proyecciones sobre el futuro?"},"content":{"rendered":"<div class=\"columna-contingut-int\">\n<div class=\"portletDetailNoticies\">\n<div class=\"amplada-pagina fecha_pub\"><strong>21 de julio de 2022<\/strong><\/div>\n<div class=\"amplada-pagina descripcion\">\n<ul>\n<li><strong>Las personas directivas de las empresas industriales y del ecosistema que asistieron al F\u00f3rum amec\u00a0pudieron aprender c\u00f3mo se realizan las proyecciones de futuro<\/strong><\/li>\n<\/ul>\n<p>&nbsp;<\/p>\n<p><img fetchpriority=\"high\" decoding=\"async\" class=\"alignright\" src=\"https:\/\/www.amec.es\/media\/site1\/cache\/images\/escenarios-futuro-redim-w367-h244.png\" alt=\"escenarios futuro.PNG\" width=\"367\" height=\"244\" \/>\u00bfC\u00f3mo ser\u00e1 el futuro? Responder a esta pregunta interesa mucho a empresas y gobiernos. Para los que siempre ven nubarrones negros en el horizonte existe una gran noticia: <strong>\u201cNo hay escenarios buenos o malos. Hay oportunidades y amenazas de futuro. La clave es qu\u00e9 hacemos, qu\u00e9 decisiones tomamos tras conocer estos futuros plausibles para construir nuestro futuro\u201d<\/strong>, afirma la responsable del Observatorio <em><strong>amec<\/strong><\/em>, Susana Gonz\u00e1lez.<\/p>\n<p>Por ello es tan importante hacer prospectiva y crear escenarios de futuro plausibles, para preverlos y poder anticiparse. Las personas directivas de las empresas industriales y del ecosistema que asistieron al<a href=\"https:\/\/www.amec.es\/es\/pl199\/amecnews\/noticias\/id1055\/un-82-de-las-empresas-industriales-de-amec-consideran-la-prospectiva-un-elemento-estrategico.htm\" target=\"_blank\" rel=\"noopener\"><strong> F\u00f3rum <em>amec<\/em><\/strong><\/a> pudieron conocer c\u00f3mo el Observatorio amec traza los posibles escenarios de futuro para que las empresas industriales puedan anticiparse y hacer frente a un futuro incierto y, en el taller de la tarde que imparti\u00f3 el experto futurista Miguel Jim\u00e9nez, la sistem\u00e1tica con la que se construyen escenarios y proyecciones de futuro.<\/p>\n<p>Asimismo, conocieron el secreto sobre qu\u00e9 es lo que verdaderamente construye nuestro futuro: la narrativa imperante, que se distribuye de manera viral a trav\u00e9s de m\u00faltiples canales, configurando y alterando la imagen colectiva e individual del futuro. Esta imagen es la que determina nuestras decisiones en el d\u00eda a d\u00eda. Es por ello que Miguel Jim\u00e9nez analiza qu\u00e9 mensajes accionar\u00e1n un cambio m\u00e1s fuerte en el futuro. Ello depende de qui\u00e9n los emite, su influencia y la cantidad de personas a las que llegan. As\u00ed, los asistentes al taller experiencial del F\u00f3rum recibieron una gu\u00eda sobre cu\u00e1les son las principales narrativas que marcan los escenarios de futuro.<\/p>\n<p><strong>\u201cLa inteligencia colectiva es muy \u00fatil, pero nos dejamos arrastrar por nuestros sesgos, en especial el sesgo del conservadurismo. No siempre lo m\u00e1s plausible es lo que suceder\u00e1. Los escenarios identifican los riesgos y nos permiten empezar a hacer cosas para aprovechar oportunidades\u201d<\/strong>, afirma la responsable del Observatorio<em><strong> amec<\/strong><\/em>.<\/p>\n<p><strong>Larga trayectoria haciendo prospectiva<\/strong><strong>\u00a0<\/strong><\/p>\n<p>El <strong>Observatorio<\/strong> <em><strong>amec<\/strong><\/em> se cre\u00f3 como tal en 2016. Pero <strong>\u201c<em>amec<\/em> practicaba la prospectiva desde hac\u00eda mucho tiempo para dar respuesta a las necesidades de las empresas industriales de conocer bien el entorno y anticiparse a lo que pudiera venir\u201d<\/strong>, explica el director general, Joan Tristany. Desde 2010 realiza una proyecci\u00f3n sobre c\u00f3mo pueden desarrollarse los acontecimientos en los distintos pa\u00edses del mundo al a\u00f1o siguiente, en una sesi\u00f3n cada a\u00f1o muy esperada junto con Cesce. El <strong>F\u00f3rum <em>amec<\/em><\/strong> es desde 2014 el principal evento de prospectiva industrial; y el Informe de Prospectiva de <em><strong>amec<\/strong><\/em> indica desde 2018 qu\u00e9 mercados tendr\u00e1n mayor inter\u00e9s en el siguiente a\u00f1o.<\/p>\n<p><em><strong>amec<\/strong><\/em> fue asimismo en 2019 una de las primeras organizaciones en implementar su Prop\u00f3sito en lo que avanz\u00f3 que ser\u00eda una nueva Era, y defini\u00f3 las grandes nuevas tendencias o Megatrends. Al estallar la pandemia, vio claro que <strong>\u201cno s\u00f3lo era importante dar respuesta a las necesidades inmediatas de las empresas, sino que tambi\u00e9n vio c\u00f3mo se iban a acelerar los cambios y present\u00f3 el necesario documento Claves para el Cambio de Modelo Productivo\u201d<\/strong> a las administraciones. En 2021 ha definido cu\u00e1les son los nuevos factores clave de competitividad, y con el impulso del movimiento <a href=\"https:\/\/positiveindustry.org\/\" target=\"_blank\" rel=\"noopener\">Positive Industry<\/a> marca ahora qu\u00e9 industria queremos para asegurar un progreso compartido por las personas y el planeta en el futuro.<\/p>\n<\/div>\n<\/div>\n<div class=\"registre-accions amplada-pagina\">\n<div class=\"addthis_inline_share_toolbox\"><\/div>\n<\/div>\n<\/div>\n<div id=\"registres-relacionats\" class=\"registres-relacionats\">\n<div class=\"amplada-pagina\">\n<div class=\"gallery-controls\"><\/div>\n<div class=\"portlet-relacionat\">\n<p><a name=\"portlet199\"><\/a><\/p>\n<div class=\"amplada-pagina amplada-pagina-marges \">\n<ul id=\"portlet-199\" class=\"infinite-scroll llista-portada-amb-imatges interior tres_columnes\" data-pl=\"199\" data-pageid=\"182\" data-topicid=\"0\">\n<li>\n<div class=\"llista-img-sup\"><a title=\"Un 82% de las empresas industriales de amec consideran la prospectiva un elemento estrat\u00e9gico\" href=\"https:\/\/www.amec.es\/es\/pl199\/amecnews\/noticias\/id1055\/un-82-de-las-empresas-industriales-de-amec-consideran-la-prospectiva-un-elemento-estrategico.htm\" data-href=\"\/es\/pl199\/amecnews\/noticias\/id1055\/un-82-de-las-empresas-industriales-de-amec-consideran-la-prospectiva-un-elemento-estrategico.htm\"><img decoding=\"async\" src=\"https:\/\/www.amec.es\/media\/site1\/cache\/images\/foto-forum-amec-2022-redim-prop66-enc-w480-h320.jpg\" alt=\"foto-forum.-amec-2022\" width=\"480\" height=\"320\" \/><\/a><\/div>\n<\/li>\n<\/ul>\n<\/div>\n<\/div>\n<\/div>\n<\/div>\n","protected":false},"excerpt":{"rendered":"<p>21 de julio de 2022 Las personas directivas de las empresas industriales y del ecosistema que asistieron al F\u00f3rum amec\u00a0pudieron aprender c\u00f3mo se realizan las proyecciones de futuro &nbsp; \u00bfC\u00f3mo ser\u00e1 el futuro? Responder a esta pregunta interesa mucho a empresas y gobiernos. Para los que siempre ven nubarrones negros en el horizonte existe una [&hellip;]<\/p>\n","protected":false},"author":1,"featured_media":6881,"comment_status":"open","ping_status":"open","sticky":false,"template":"","format":"standard","meta":{"inline_featured_image":false,"footnotes":""},"categories":[36],"tags":[],"class_list":["post-6873","post","type-post","status-publish","format-standard","has-post-thumbnail","hentry","category-cronicas"],"acf":[],"_links":{"self":[{"href":"https:\/\/elementor2.ameclexdir.com\/index.php\/wp-json\/wp\/v2\/posts\/6873","targetHints":{"allow":["GET"]}}],"collection":[{"href":"https:\/\/elementor2.ameclexdir.com\/index.php\/wp-json\/wp\/v2\/posts"}],"about":[{"href":"https:\/\/elementor2.ameclexdir.com\/index.php\/wp-json\/wp\/v2\/types\/post"}],"author":[{"embeddable":true,"href":"https:\/\/elementor2.ameclexdir.com\/index.php\/wp-json\/wp\/v2\/users\/1"}],"replies":[{"embeddable":true,"href":"https:\/\/elementor2.ameclexdir.com\/index.php\/wp-json\/wp\/v2\/comments?post=6873"}],"version-history":[{"count":2,"href":"https:\/\/elementor2.ameclexdir.com\/index.php\/wp-json\/wp\/v2\/posts\/6873\/revisions"}],"predecessor-version":[{"id":6883,"href":"https:\/\/elementor2.ameclexdir.com\/index.php\/wp-json\/wp\/v2\/posts\/6873\/revisions\/6883"}],"wp:featuredmedia":[{"embeddable":true,"href":"https:\/\/elementor2.ameclexdir.com\/index.php\/wp-json\/wp\/v2\/media\/6881"}],"wp:attachment":[{"href":"https:\/\/elementor2.ameclexdir.com\/index.php\/wp-json\/wp\/v2\/media?parent=6873"}],"wp:term":[{"taxonomy":"category","embeddable":true,"href":"https:\/\/elementor2.ameclexdir.com\/index.php\/wp-json\/wp\/v2\/categories?post=6873"},{"taxonomy":"post_tag","embeddable":true,"href":"https:\/\/elementor2.ameclexdir.com\/index.php\/wp-json\/wp\/v2\/tags?post=6873"}],"curies":[{"name":"wp","href":"https:\/\/api.w.org\/{rel}","templated":true}]}}