{"id":6874,"date":"2022-04-28T09:13:14","date_gmt":"2022-04-28T09:13:14","guid":{"rendered":"https:\/\/elementor2.ameclexdir.com\/?p=6874"},"modified":"2023-10-19T09:15:23","modified_gmt":"2023-10-19T09:15:23","slug":"los-partners-de-amec-participan-en-una-jornada-de-innovacion-para-impulsar-la-colaboracion-y-apoyar-al-maximo-a-las-empresas-industriales","status":"publish","type":"post","link":"https:\/\/elementor2.ameclexdir.com\/index.php\/2022\/04\/28\/los-partners-de-amec-participan-en-una-jornada-de-innovacion-para-impulsar-la-colaboracion-y-apoyar-al-maximo-a-las-empresas-industriales\/","title":{"rendered":"Los partners de amec participan en una jornada de innovaci\u00f3n para impulsar la colaboraci\u00f3n y apoyar al m\u00e1ximo a las empresas industriales"},"content":{"rendered":"<div class=\"amplada-pagina fecha_pub\"><strong>28 de abril de 2022<\/strong><\/div>\n<div class=\"amplada-pagina descripcion\">\n<p><span lang=\"ca\"><img fetchpriority=\"high\" decoding=\"async\" class=\"alignright\" src=\"https:\/\/www.amec.es\/media\/site1\/cache\/images\/trobada-partners-2-redim-w500-h375.jpg\" alt=\"trobada partners-2.jpg\" width=\"500\" height=\"375\" \/><\/span><span lang=\"ca\">El ecosistema de <em><strong>amec<\/strong> <\/em>est\u00e1 integrado por un <a href=\"https:\/\/www.amec.es\/es\/ecosistemaamec\/partners.htm\" target=\"_blank\" rel=\"noopener\">conjunto de empresas y organizaciones<\/a> que aportan gran valor, debido a su <strong>profundo conocimiento de aspectos clave para las empresas industriales<\/strong>. Para extraer el m\u00e1ximo provecho de nuestros partners, <em><strong>amec<\/strong><\/em> los ha reunido en una sesi\u00f3n de trabajo de innovaci\u00f3n, que ha servido adem\u00e1s para estrechar relaciones entre ellos.<\/span><\/p>\n<p><span lang=\"ca\">El encuentro, que ha tenido lugar esta semana en la sede de<em><strong> amec<\/strong><\/em> en Barcelona, se inici\u00f3 con una ronda de presentaci\u00f3n del equipo de <em><strong>amec<\/strong><\/em> y de las empresas partner. Por parte de <em><strong>amec<\/strong><\/em> participaron el subdirector Diego Guri; la responsable de gesti\u00f3n de partners Al\u00edcia Miralles; la responsable de Innovaci\u00f3n, Andrea Arenas; el equipo del \u00c1rea de Conocimiento, integrado por Eva Pah\u00edssa y Raquel Pous; y de Proyectos, formado por Sonia Fern\u00e1ndez, Lucas Duchatel y Andrea Rodrigo.<\/span><\/p>\n<p><span lang=\"ca\">La jornada de trabajo consisti\u00f3 en una sesi\u00f3n de innovaci\u00f3n en la que afloraron interesantes ideas de colaboraci\u00f3n y nuevas v\u00edas de aportaci\u00f3n de valor a las empresas industriales con la aportaci\u00f3n del conocimiento de todo el ecosistema de <em><strong>amec<\/strong><\/em>, sobre las que todo el equipo se emplear\u00e1 para que puedan en adelante materializarse en distintos proyectos.\u00a0<\/span><\/p>\n<\/div>\n","protected":false},"excerpt":{"rendered":"<p>28 de abril de 2022 El ecosistema de amec est\u00e1 integrado por un conjunto de empresas y organizaciones que aportan gran valor, debido a su profundo conocimiento de aspectos clave para las empresas industriales. Para extraer el m\u00e1ximo provecho de nuestros partners, amec los ha reunido en una sesi\u00f3n de trabajo de innovaci\u00f3n, que ha [&hellip;]<\/p>\n","protected":false},"author":1,"featured_media":6879,"comment_status":"open","ping_status":"open","sticky":false,"template":"","format":"standard","meta":{"inline_featured_image":false,"footnotes":""},"categories":[36],"tags":[],"class_list":["post-6874","post","type-post","status-publish","format-standard","has-post-thumbnail","hentry","category-cronicas"],"acf":[],"_links":{"self":[{"href":"https:\/\/elementor2.ameclexdir.com\/index.php\/wp-json\/wp\/v2\/posts\/6874","targetHints":{"allow":["GET"]}}],"collection":[{"href":"https:\/\/elementor2.ameclexdir.com\/index.php\/wp-json\/wp\/v2\/posts"}],"about":[{"href":"https:\/\/elementor2.ameclexdir.com\/index.php\/wp-json\/wp\/v2\/types\/post"}],"author":[{"embeddable":true,"href":"https:\/\/elementor2.ameclexdir.com\/index.php\/wp-json\/wp\/v2\/users\/1"}],"replies":[{"embeddable":true,"href":"https:\/\/elementor2.ameclexdir.com\/index.php\/wp-json\/wp\/v2\/comments?post=6874"}],"version-history":[{"count":1,"href":"https:\/\/elementor2.ameclexdir.com\/index.php\/wp-json\/wp\/v2\/posts\/6874\/revisions"}],"predecessor-version":[{"id":6884,"href":"https:\/\/elementor2.ameclexdir.com\/index.php\/wp-json\/wp\/v2\/posts\/6874\/revisions\/6884"}],"wp:featuredmedia":[{"embeddable":true,"href":"https:\/\/elementor2.ameclexdir.com\/index.php\/wp-json\/wp\/v2\/media\/6879"}],"wp:attachment":[{"href":"https:\/\/elementor2.ameclexdir.com\/index.php\/wp-json\/wp\/v2\/media?parent=6874"}],"wp:term":[{"taxonomy":"category","embeddable":true,"href":"https:\/\/elementor2.ameclexdir.com\/index.php\/wp-json\/wp\/v2\/categories?post=6874"},{"taxonomy":"post_tag","embeddable":true,"href":"https:\/\/elementor2.ameclexdir.com\/index.php\/wp-json\/wp\/v2\/tags?post=6874"}],"curies":[{"name":"wp","href":"https:\/\/api.w.org\/{rel}","templated":true}]}}