{"id":6875,"date":"2022-04-19T09:13:16","date_gmt":"2022-04-19T09:13:16","guid":{"rendered":"https:\/\/elementor2.ameclexdir.com\/?p=6875"},"modified":"2023-10-19T09:16:07","modified_gmt":"2023-10-19T09:16:07","slug":"amec-trata-sobre-la-importancia-de-los-ods-en-la-internacionalizacion-en-imex-madrid","status":"publish","type":"post","link":"https:\/\/elementor2.ameclexdir.com\/index.php\/2022\/04\/19\/amec-trata-sobre-la-importancia-de-los-ods-en-la-internacionalizacion-en-imex-madrid\/","title":{"rendered":"amec trata sobre la importancia de los ODS en la internacionalizaci\u00f3n en IMEX Madrid"},"content":{"rendered":"<div class=\"portletDetailNoticies\">\n<div class=\"amplada-pagina fecha_pub\">19 de abril de 2022<\/div>\n<div class=\"amplada-pagina descripcion\">\n<p><img fetchpriority=\"high\" decoding=\"async\" class=\"alignright\" src=\"https:\/\/www.amec.es\/media\/site1\/cache\/images\/imex-abril-2022-3-redim-w500-h375.jpeg\" alt=\"imex-abril-2022-3.jpeg\" width=\"500\" height=\"375\" \/>El director general de<em><strong> amec<\/strong><\/em>,\u00a0<a href=\"https:\/\/www.linkedin.com\/in\/ACoAAAi0eMoB8ZUlx8L2F79mVA-4razWMsVdxtY\" data-attribute-index=\"0\" data-entity-hovercard-id=\"urn:li:fs_miniProfile:ACoAAAi0eMoB8ZUlx8L2F79mVA-4razWMsVdxtY\" data-entity-type=\"MINI_PROFILE\">Joan Tristany<\/a>, ha tratado sobre la importancia del <strong>cumplimiento de los ODS en la internacionalizaci\u00f3n de la industria y del movimiento <a href=\"https:\/\/positiveindustry.org\/\" target=\"_blank\" rel=\"noopener\">Positive Industry<\/a><\/strong> que impulsa la entidad que dirige en\u00a0la mesa redonda de apertura de la <strong><a href=\"https:\/\/imex.impulsoexterior.net\/\" target=\"_blank\" rel=\"noopener\">XX\u00a0Semana de la Internacinalizaci\u00f3n de IMEX Madrid<\/a><\/strong>, que ha tenido lugar este martes en\u00a0el Auditorio del Palacio de Cibeles de Madrid.<\/p>\n<p>En la mesa redonda, bajo el t\u00edtulo de\u00a0<em>Administraciones comprometidas con la Sostenibilidad en la internacionalizaci\u00f3n<\/em>, han intervenido adem\u00e1s el viceconsejero de Econom\u00eda y Hacienda de la\u00a0Comunidad de Madrid,\u00a0<strong>Manuel Llamas Fraga<\/strong>;\u00a0el delegado del \u00c1rea Delegada de Internacionalizaci\u00f3n y Cooperaci\u00f3n del\u00a0Ayuntamiento de Madrid,\u00a0<strong>Santiago Saura<\/strong>; y el director general de la Oficina Espa\u00f1ola de Patentes y Marcas (OEPM),\u00a0<strong>Jos\u00e9 Antonio Gil Celedonio<\/strong>. Ha moderado la mesa redonda la subdirectora general de la\u00a0C\u00e1mara de Comercio, Industria y Servicios de Madrid,\u00a0<strong>Elsa Salvadores Janssen<\/strong>.<\/p>\n<p>Esta edici\u00f3n de<a href=\"https:\/\/imex.impulsoexterior.net\/\" target=\"_blank\" rel=\"noopener\">\u00a0IMEX Impulso-Exterior<\/a>\u00a0se centra en los ODS\u00a0para una \u00f3ptima internacionalizaci\u00f3n e\u00a0IMPULSO \u00c1FRICA, y cuenta con la presencia del <strong>Ministro de Industria de Angola,\u00a0Victor Francisco Dos Santos<\/strong>. Precisamente, el director general de\u00a0<em><strong>amec<\/strong><\/em>\u00a0, Joan Tristany, y el asesor de presidencia de <em><strong>amec<\/strong><\/em>,\u00a0Javier del R\u00edo,<strong> se han reunido con el ministro de Industria y Comercio de Angola,\u00a0Victor Francisco Dos Santos. el secretario de estado de comercio y el embajador para estrechar las relaciones comerciales de las empresas industriales espa\u00f1olas con el pa\u00eds africano.<\/strong><\/p>\n<p>&nbsp;<\/p>\n<p><img decoding=\"async\" class=\"alignright\" src=\"https:\/\/www.amec.es\/media\/site1\/cache\/images\/reunion-amec-secr-industria-angola-redim-w500-h375.jpeg\" alt=\"reunion-amec-secr-industria-angola.jpeg\" width=\"500\" height=\"375\" \/><strong>Angola ofrece numerosas oportunidades de negocio para la empresa espa\u00f1ola en los sectores de alimentos y bebidas, materiales de construcci\u00f3n, automoci\u00f3n, la maquinaria agr\u00edcola y especialmente en los campos de la energ\u00eda el\u00e9ctrica<\/strong>, entre otros. El 9,2% del total de las inversiones espa\u00f1olas en 2020 del continente africano se destinaron a este pa\u00eds. La Ley que aprob\u00f3 el Parlamento en el a\u00f1o 2015 sobre Inversi\u00f3n Privada ha permitido diversificar la econom\u00eda y promover la creaci\u00f3n de riqueza en Angola y ha ayudado a que sea uno de los pa\u00edses que m\u00e1s crece en el continente y con mejores condiciones para invertir. El Banco Mundial espera que su econom\u00eda crezca un 2,8% en 2023.<\/p>\n<\/div>\n<\/div>\n","protected":false},"excerpt":{"rendered":"<p>19 de abril de 2022 El director general de amec,\u00a0Joan Tristany, ha tratado sobre la importancia del cumplimiento de los ODS en la internacionalizaci\u00f3n de la industria y del movimiento Positive Industry que impulsa la entidad que dirige en\u00a0la mesa redonda de apertura de la XX\u00a0Semana de la Internacinalizaci\u00f3n de IMEX Madrid, que ha tenido [&hellip;]<\/p>\n","protected":false},"author":1,"featured_media":0,"comment_status":"open","ping_status":"open","sticky":false,"template":"","format":"standard","meta":{"inline_featured_image":false,"footnotes":""},"categories":[36],"tags":[],"class_list":["post-6875","post","type-post","status-publish","format-standard","hentry","category-cronicas"],"acf":[],"_links":{"self":[{"href":"https:\/\/elementor2.ameclexdir.com\/index.php\/wp-json\/wp\/v2\/posts\/6875","targetHints":{"allow":["GET"]}}],"collection":[{"href":"https:\/\/elementor2.ameclexdir.com\/index.php\/wp-json\/wp\/v2\/posts"}],"about":[{"href":"https:\/\/elementor2.ameclexdir.com\/index.php\/wp-json\/wp\/v2\/types\/post"}],"author":[{"embeddable":true,"href":"https:\/\/elementor2.ameclexdir.com\/index.php\/wp-json\/wp\/v2\/users\/1"}],"replies":[{"embeddable":true,"href":"https:\/\/elementor2.ameclexdir.com\/index.php\/wp-json\/wp\/v2\/comments?post=6875"}],"version-history":[{"count":1,"href":"https:\/\/elementor2.ameclexdir.com\/index.php\/wp-json\/wp\/v2\/posts\/6875\/revisions"}],"predecessor-version":[{"id":6885,"href":"https:\/\/elementor2.ameclexdir.com\/index.php\/wp-json\/wp\/v2\/posts\/6875\/revisions\/6885"}],"wp:attachment":[{"href":"https:\/\/elementor2.ameclexdir.com\/index.php\/wp-json\/wp\/v2\/media?parent=6875"}],"wp:term":[{"taxonomy":"category","embeddable":true,"href":"https:\/\/elementor2.ameclexdir.com\/index.php\/wp-json\/wp\/v2\/categories?post=6875"},{"taxonomy":"post_tag","embeddable":true,"href":"https:\/\/elementor2.ameclexdir.com\/index.php\/wp-json\/wp\/v2\/tags?post=6875"}],"curies":[{"name":"wp","href":"https:\/\/api.w.org\/{rel}","templated":true}]}}